{"id":1036,"date":"2008-08-12T17:42:33","date_gmt":"2008-08-12T17:42:33","guid":{"rendered":"http:\/\/kulturbloggen.com\/?p=1036"},"modified":"2008-08-12T17:42:33","modified_gmt":"2008-08-12T17:42:33","slug":"leonard-cohen-atervander-till-sverige","status":"publish","type":"post","link":"https:\/\/kulturbloggen.com\/?p=1036","title":{"rendered":"Leonard Cohen \u00e5terv\u00e4nder till Sverige"},"content":{"rendered":"<p>Efter den kritikerrosade spelningen p\u00e5 Sofiero Slott i somras \u00e4r det nu klart att den snart 74-\u00e5rige legenden \u00e5terv\u00e4nder till Sverige f\u00f6r tv\u00e5 konserter. Den tolfte oktober intar han scenen p\u00e5 Scandinavium i G\u00f6teborg och tre dagar senare bes\u00f6ker han Stockholm f\u00f6r att spela p\u00e5 Globen.<\/p>\n<p>Ut\u00f6ver turn\u00e9n s\u00e5 planerar, Cohen som valdes in i rockens Hall of Fame, tidigare i \u00e5r att sl\u00e4ppa sitt tolfte och \u00e4n s\u00e5 l\u00e4nge namnl\u00f6sa album till h\u00f6sten.<\/p>\n","protected":false},"excerpt":{"rendered":"<p>Efter den kritikerrosade spelningen p\u00e5 Sofiero Slott i somras \u00e4r det nu klart att den snart 74-\u00e5rige legenden \u00e5terv\u00e4nder till Sverige f\u00f6r tv\u00e5 konserter. Den tolfte oktober intar han scenen p\u00e5 Scandinavium i G\u00f6teborg och tre dagar senare bes\u00f6ker han Stockholm f\u00f6r att spela p\u00e5 Globen. Ut\u00f6ver turn\u00e9n s\u00e5 planerar, Cohen som valdes in i [&hellip;]<\/p>\n","protected":false},"author":3,"featured_media":0,"comment_status":"open","ping_status":"open","sticky":false,"template":"","format":"standard","meta":{"_genesis_hide_title":false,"_genesis_hide_breadcrumbs":false,"_genesis_hide_singular_image":false,"_genesis_hide_footer_widgets":false,"_genesis_custom_body_class":"","_genesis_custom_post_class":"","_genesis_layout":"","footnotes":""},"categories":[7],"tags":[12282],"class_list":{"0":"post-1036","1":"post","2":"type-post","3":"status-publish","4":"format-standard","6":"category-musik","7":"tag-musik","8":"entry"},"_links":{"self":[{"href":"https:\/\/kulturbloggen.com\/index.php?rest_route=\/wp\/v2\/posts\/1036","targetHints":{"allow":["GET"]}}],"collection":[{"href":"https:\/\/kulturbloggen.com\/index.php?rest_route=\/wp\/v2\/posts"}],"about":[{"href":"https:\/\/kulturbloggen.com\/index.php?rest_route=\/wp\/v2\/types\/post"}],"author":[{"embeddable":true,"href":"https:\/\/kulturbloggen.com\/index.php?rest_route=\/wp\/v2\/users\/3"}],"replies":[{"embeddable":true,"href":"https:\/\/kulturbloggen.com\/index.php?rest_route=%2Fwp%2Fv2%2Fcomments&post=1036"}],"version-history":[{"count":0,"href":"https:\/\/kulturbloggen.com\/index.php?rest_route=\/wp\/v2\/posts\/1036\/revisions"}],"wp:attachment":[{"href":"https:\/\/kulturbloggen.com\/index.php?rest_route=%2Fwp%2Fv2%2Fmedia&parent=1036"}],"wp:term":[{"taxonomy":"category","embeddable":true,"href":"https:\/\/kulturbloggen.com\/index.php?rest_route=%2Fwp%2Fv2%2Fcategories&post=1036"},{"taxonomy":"post_tag","embeddable":true,"href":"https:\/\/kulturbloggen.com\/index.php?rest_route=%2Fwp%2Fv2%2Ftags&post=1036"}],"curies":[{"name":"wp","href":"https:\/\/api.w.org\/{rel}","templated":true}]}}