{"id":103599,"date":"2016-07-31T18:37:39","date_gmt":"2016-07-31T17:37:39","guid":{"rendered":"http:\/\/kulturbloggen.com\/?p=103599"},"modified":"2016-07-31T18:37:39","modified_gmt":"2016-07-31T17:37:39","slug":"stockholm-music-and-arts-joan-baez-ikonen-som-fyller-stora-scenen-med-sin-naturlighet","status":"publish","type":"post","link":"https:\/\/kulturbloggen.com\/?p=103599","title":{"rendered":"Stockholm Music and Arts: Joan Baez &#8211; ikonen som fyller stora scenen med sin naturlighet"},"content":{"rendered":"<p><a href=\"http:\/\/kulturbloggen.com\/wp-content\/uploads\/2016\/07\/Joan-Baez-6.jpg\"><img loading=\"lazy\" decoding=\"async\" src=\"http:\/\/kulturbloggen.com\/wp-content\/uploads\/2016\/07\/Joan-Baez-6.jpg\" alt=\"Joan Baez 6\" width=\"450\" height=\"268\" class=\"aligncenter size-full wp-image-103614\" srcset=\"https:\/\/kulturbloggen.com\/wp-content\/uploads\/2016\/07\/Joan-Baez-6.jpg 450w, https:\/\/kulturbloggen.com\/wp-content\/uploads\/2016\/07\/Joan-Baez-6-300x179.jpg 300w\" sizes=\"auto, (max-width: 450px) 100vw, 450px\" \/><\/a><\/p>\n<p><strong>Joan Baez p\u00e5 Stockholm Music and Arts<br \/>\nStora scenen, s\u00f6ndag 31 juli<br \/>\nBetyg 5<\/strong><\/p>\n<p>Musik beh\u00f6ver inte vara s\u00e5 tillkr\u00e5nglad eller pretenti\u00f6s. En artist med bra s\u00e5ngr\u00f6st, en gitarr, ett slagverk och emellan\u00e5t lite piano eller banjo och till detta en naturlighet p\u00e5 scenen: Joan Baez fyller stora scenen mer \u00e4n band med p\u00e5kostade ljusshower.<\/p>\n<p>Hon \u00e4r en ikon och hon tog \u00f6ver stora scenen utan stora \u00e5th\u00e4vor. Hon m\u00f6ttes av varma och kraftiga appl\u00e5d\u00e5skor n\u00e4r hon \u00e4ntrade scenen. <\/p>\n<p>&#8221;It\u00b4s All Over Now, Baby Blue&#8221; av Bob Dylan var f\u00f6rsta s\u00e5ngen hon spelade p\u00e5 konserten p\u00e5 Stockholm Music and Arts. Hon \u00e4r legendarisk, b\u00e5de som musiker men lika mycket f\u00f6r sitt engagemang f\u00f6r m\u00e4nskliga r\u00e4ttigheter och allas lika v\u00e4rde. Hon \u00e4r folkmusiker, gitarrist, komposit\u00f6r och aktivist f\u00f6r medborgerliga- och m\u00e4nskliga r\u00e4ttigheter, pacifism samt inom milj\u00f6r\u00f6relsen.- och p\u00e5 spelningen p\u00e5 Skeppsholmen f\u00f6rmedlade hon allt detta.<\/p>\n<p>Joan Baez slog igen som ung och f\u00f6r m\u00e5nga av oss har hon alltid funnits d\u00e4r, som en f\u00f6rebild. Hon har en gudomlig fin och naturlig s\u00e5ngr\u00f6st som inte verkar ha \u00e5ldrats alls. \u00c5 andra sidan \u00e4r hon inte s\u00e5 gammal \u00e4nd\u00e5 trots att hon varit v\u00e4rldsk\u00e4nd i mer \u00e4n femtio \u00e5r. Hon fylld 75 i januari och debuterade p\u00e5 en festival i Newport som 18-\u00e5ring. Hon fick sitt genombrott i b\u00f6rjan av 1960-talet. J\u00e4mte Bob Dylan var hon under denna tid en av f\u00f6rgrundsfigurerna inom amerikansk folkmusik.<\/p>\n<p>Hon fick med sig publiken hela tiden och hon bj\u00f6d p\u00e5 flera av de s\u00e5nger hon \u00e4r som mest \u00e4lskad f\u00f6r, hon bj\u00f6d b\u00e5de p\u00e5 &#8221;Silver Daggar&#8221; och &#8221;Diamonds And Rust&#8221; men kanske publiken blev som allra, allra mest lycklig n\u00e4r hon bj\u00f6d in en g\u00e4st p\u00e5 scen: Patti Smith &#8211; och tillsammans framf\u00f6rde de John Lennons &#8221;Imagine&#8221;. Fast n\u00e4r hon sj\u00f6ng &#8221;Another World&#8221; av Antony Hegarty (som numer har namnet Anohni) var responsen enorm ocks\u00e5 fr\u00e5n publiken, likas\u00e5 n\u00e4r hon sj\u00f6ng &#8221;Me and Bobby McGee&#8221;.<\/p>\n<p>&#8211; Antonys s\u00e5ng \u00e4r mycket och m\u00f6rk och s\u00e5 \u00e4r v\u00e4rlden idag, sade Joan Baez.<\/p>\n<p>Hon hade korta, intressant mellansnack emellan\u00e5t. N\u00e4r hon skulle spelade, &#8221;Silver Dagger&#8221;, som kommer fr\u00e5n hennes f\u00f6rsta album sade:<br \/>\n&#8211; Vi hade album p\u00e5 den tiden, vinylskivor som vi satte en n\u00e5l p\u00e5 f\u00f6r att lyssna, sade hon.<\/p>\n<p>Hon ber\u00e4ttade ocks\u00e5 om n\u00e4r hon under sextiotalet protesterade mot Vietnamkriget och greps och sattes i h\u00e4kte.<br \/>\n&#8211; D\u00e4r satt vi bakom galler, tjugo vita kvinnor tillsammans med m\u00e5nga unga svarta m\u00e4n. Vi satt d\u00e4r och vi ber\u00e4ttade om v\u00e5ra liv f\u00f6r varandra.<\/p>\n<p>Hennes son ackompanjerade f\u00f6rresten p\u00e5 slagverk och drycken hon drack p\u00e5 scen var en kopp te. Och sj\u00e4lvklart sj\u00f6ng hon s\u00e5ngen om Joe Hill, som ju har anor fr\u00e5n Sverige.<\/p>\n<p><strong>Foto: BeA Nilsson<\/strong><\/p>\n<p><a href=\"http:\/\/kulturbloggen.com\/wp-content\/uploads\/2016\/07\/Joan-Baez-1.jpg\"><img loading=\"lazy\" decoding=\"async\" src=\"http:\/\/kulturbloggen.com\/wp-content\/uploads\/2016\/07\/Joan-Baez-1.jpg\" alt=\"Joan Baez 1\" width=\"450\" height=\"337\" class=\"aligncenter size-full wp-image-103616\" srcset=\"https:\/\/kulturbloggen.com\/wp-content\/uploads\/2016\/07\/Joan-Baez-1.jpg 450w, https:\/\/kulturbloggen.com\/wp-content\/uploads\/2016\/07\/Joan-Baez-1-300x225.jpg 300w\" sizes=\"auto, (max-width: 450px) 100vw, 450px\" \/><\/a><\/p>\n<p><a href=\"http:\/\/kulturbloggen.com\/wp-content\/uploads\/2016\/07\/Joan-Baez-2.jpg\"><img loading=\"lazy\" decoding=\"async\" src=\"http:\/\/kulturbloggen.com\/wp-content\/uploads\/2016\/07\/Joan-Baez-2-300x197.jpg\" alt=\"Joan Baez 2\" width=\"300\" height=\"197\" class=\"aligncenter size-full wp-image-103617\" srcset=\"https:\/\/kulturbloggen.com\/wp-content\/uploads\/2016\/07\/Joan-Baez-2-300x197.jpg 300w, https:\/\/kulturbloggen.com\/wp-content\/uploads\/2016\/07\/Joan-Baez-2.jpg 450w\" sizes=\"auto, (max-width: 300px) 100vw, 300px\" \/><\/a><\/p>\n<p><a href=\"http:\/\/kulturbloggen.com\/wp-content\/uploads\/2016\/07\/Joan-Baez-3.jpg\"><img loading=\"lazy\" decoding=\"async\" src=\"http:\/\/kulturbloggen.com\/wp-content\/uploads\/2016\/07\/Joan-Baez-3-300x193.jpg\" alt=\"Joan Baez 3\" width=\"300\" height=\"193\" class=\"aligncenter size-full wp-image-103618\" srcset=\"https:\/\/kulturbloggen.com\/wp-content\/uploads\/2016\/07\/Joan-Baez-3-300x193.jpg 300w, https:\/\/kulturbloggen.com\/wp-content\/uploads\/2016\/07\/Joan-Baez-3.jpg 450w\" sizes=\"auto, (max-width: 300px) 100vw, 300px\" \/><\/a><\/p>\n<p><a href=\"http:\/\/kulturbloggen.com\/wp-content\/uploads\/2016\/07\/Joan-Baez-4.jpg\"><img loading=\"lazy\" decoding=\"async\" src=\"http:\/\/kulturbloggen.com\/wp-content\/uploads\/2016\/07\/Joan-Baez-4-300x203.jpg\" alt=\"Joan Baez 4\" width=\"300\" height=\"203\" class=\"aligncenter size-full wp-image-103619\" srcset=\"https:\/\/kulturbloggen.com\/wp-content\/uploads\/2016\/07\/Joan-Baez-4-300x203.jpg 300w, https:\/\/kulturbloggen.com\/wp-content\/uploads\/2016\/07\/Joan-Baez-4.jpg 450w\" sizes=\"auto, (max-width: 300px) 100vw, 300px\" \/><\/a><\/p>\n<p><a href=\"http:\/\/kulturbloggen.com\/wp-content\/uploads\/2016\/07\/Joan-Baez-5.jpg\"><img loading=\"lazy\" decoding=\"async\" src=\"http:\/\/kulturbloggen.com\/wp-content\/uploads\/2016\/07\/Joan-Baez-5-300x193.jpg\" alt=\"Joan Baez 5\" width=\"300\" height=\"193\" class=\"aligncenter size-full wp-image-103620\" srcset=\"https:\/\/kulturbloggen.com\/wp-content\/uploads\/2016\/07\/Joan-Baez-5-300x193.jpg 300w, https:\/\/kulturbloggen.com\/wp-content\/uploads\/2016\/07\/Joan-Baez-5.jpg 450w\" sizes=\"auto, (max-width: 300px) 100vw, 300px\" \/><\/a><\/p>\n<p><a href=\"http:\/\/kulturbloggen.com\/wp-content\/uploads\/2016\/07\/Joan-Baez-7.jpg\"><img loading=\"lazy\" decoding=\"async\" src=\"http:\/\/kulturbloggen.com\/wp-content\/uploads\/2016\/07\/Joan-Baez-7-300x193.jpg\" alt=\"Joan Baez 7\" width=\"300\" height=\"193\" aligncenter size-full wp-image-103621\" srcset=\"https:\/\/kulturbloggen.com\/wp-content\/uploads\/2016\/07\/Joan-Baez-7-300x193.jpg 300w, https:\/\/kulturbloggen.com\/wp-content\/uploads\/2016\/07\/Joan-Baez-7.jpg 450w\" sizes=\"auto, (max-width: 300px) 100vw, 300px\" \/><\/a><\/p>\n<p><a href=\"http:\/\/kulturbloggen.com\/wp-content\/uploads\/2016\/07\/Joan-Baez-9.jpg\"><img loading=\"lazy\" decoding=\"async\" src=\"http:\/\/kulturbloggen.com\/wp-content\/uploads\/2016\/07\/Joan-Baez-9-300x201.jpg\" alt=\"Joan Baez 9\" width=\"300\" height=\"201\" class=\"aligncenter size-full wp-image-103622\" srcset=\"https:\/\/kulturbloggen.com\/wp-content\/uploads\/2016\/07\/Joan-Baez-9-300x201.jpg 300w, https:\/\/kulturbloggen.com\/wp-content\/uploads\/2016\/07\/Joan-Baez-9.jpg 450w\" sizes=\"auto, (max-width: 300px) 100vw, 300px\" \/><\/a><\/p>\n<p><a href=\"http:\/\/kulturbloggen.com\/wp-content\/uploads\/2016\/07\/Joan-Baez-10.jpg\"><img loading=\"lazy\" decoding=\"async\" src=\"http:\/\/kulturbloggen.com\/wp-content\/uploads\/2016\/07\/Joan-Baez-10-300x243.jpg\" alt=\"Joan Baez 10\" width=\"300\" height=\"243\" class=\"aligncenter size-full wp-image-103623\" srcset=\"https:\/\/kulturbloggen.com\/wp-content\/uploads\/2016\/07\/Joan-Baez-10-300x243.jpg 300w, https:\/\/kulturbloggen.com\/wp-content\/uploads\/2016\/07\/Joan-Baez-10.jpg 450w\" sizes=\"auto, (max-width: 300px) 100vw, 300px\" \/><\/a><\/p>\n<p><a href=\"http:\/\/kulturbloggen.com\/wp-content\/uploads\/2016\/07\/Joan-Baez-11.jpg\"><img loading=\"lazy\" decoding=\"async\" src=\"http:\/\/kulturbloggen.com\/wp-content\/uploads\/2016\/07\/Joan-Baez-11-300x207.jpg\" alt=\"Joan Baez 11\" width=\"300\" height=\"207\" class=\"aligncenter size-full wp-image-103624\" srcset=\"https:\/\/kulturbloggen.com\/wp-content\/uploads\/2016\/07\/Joan-Baez-11-300x207.jpg 300w, https:\/\/kulturbloggen.com\/wp-content\/uploads\/2016\/07\/Joan-Baez-11.jpg 450w\" sizes=\"auto, (max-width: 300px) 100vw, 300px\" \/><\/a><\/p>\n<p><a href=\"http:\/\/kulturbloggen.com\/wp-content\/uploads\/2016\/07\/Joan-Baez-12.jpg\"><img loading=\"lazy\" decoding=\"async\" src=\"http:\/\/kulturbloggen.com\/wp-content\/uploads\/2016\/07\/Joan-Baez-12-300x207.jpg\" alt=\"Joan Baez 12\" width=\"300\" height=\"207\" class=\"aligncenter size-full wp-image-103625\" srcset=\"https:\/\/kulturbloggen.com\/wp-content\/uploads\/2016\/07\/Joan-Baez-12-300x207.jpg 300w, https:\/\/kulturbloggen.com\/wp-content\/uploads\/2016\/07\/Joan-Baez-12.jpg 450w\" sizes=\"auto, (max-width: 300px) 100vw, 300px\" \/><\/a><\/p>\n","protected":false},"excerpt":{"rendered":"<p>Joan Baez p\u00e5 Stockholm Music and Arts Stora scenen, s\u00f6ndag 31 juli Betyg 5 Musik beh\u00f6ver inte vara s\u00e5 tillkr\u00e5nglad eller pretenti\u00f6s. En artist med bra s\u00e5ngr\u00f6st, en gitarr, ett slagverk och emellan\u00e5t lite piano eller banjo och till detta en naturlighet p\u00e5 scenen: Joan Baez fyller stora scenen mer \u00e4n band med p\u00e5kostade ljusshower. [&hellip;]<\/p>\n","protected":false},"author":2,"featured_media":0,"comment_status":"open","ping_status":"open","sticky":false,"template":"","format":"standard","meta":{"_genesis_hide_title":false,"_genesis_hide_breadcrumbs":false,"_genesis_hide_singular_image":false,"_genesis_hide_footer_widgets":false,"_genesis_custom_body_class":"","_genesis_custom_post_class":"","_genesis_layout":"","footnotes":""},"categories":[7],"tags":[2677,12282,3844,8481],"class_list":{"0":"post-103599","1":"post","2":"type-post","3":"status-publish","4":"format-standard","6":"category-musik","7":"tag-joan-baez","8":"tag-musik","9":"tag-musikfestival","10":"tag-stockholm-music-and-arts","11":"entry"},"_links":{"self":[{"href":"https:\/\/kulturbloggen.com\/index.php?rest_route=\/wp\/v2\/posts\/103599","targetHints":{"allow":["GET"]}}],"collection":[{"href":"https:\/\/kulturbloggen.com\/index.php?rest_route=\/wp\/v2\/posts"}],"about":[{"href":"https:\/\/kulturbloggen.com\/index.php?rest_route=\/wp\/v2\/types\/post"}],"author":[{"embeddable":true,"href":"https:\/\/kulturbloggen.com\/index.php?rest_route=\/wp\/v2\/users\/2"}],"replies":[{"embeddable":true,"href":"https:\/\/kulturbloggen.com\/index.php?rest_route=%2Fwp%2Fv2%2Fcomments&post=103599"}],"version-history":[{"count":7,"href":"https:\/\/kulturbloggen.com\/index.php?rest_route=\/wp\/v2\/posts\/103599\/revisions"}],"predecessor-version":[{"id":103626,"href":"https:\/\/kulturbloggen.com\/index.php?rest_route=\/wp\/v2\/posts\/103599\/revisions\/103626"}],"wp:attachment":[{"href":"https:\/\/kulturbloggen.com\/index.php?rest_route=%2Fwp%2Fv2%2Fmedia&parent=103599"}],"wp:term":[{"taxonomy":"category","embeddable":true,"href":"https:\/\/kulturbloggen.com\/index.php?rest_route=%2Fwp%2Fv2%2Fcategories&post=103599"},{"taxonomy":"post_tag","embeddable":true,"href":"https:\/\/kulturbloggen.com\/index.php?rest_route=%2Fwp%2Fv2%2Ftags&post=103599"}],"curies":[{"name":"wp","href":"https:\/\/api.w.org\/{rel}","templated":true}]}}