{"id":103326,"date":"2016-07-29T12:37:31","date_gmt":"2016-07-29T11:37:31","guid":{"rendered":"http:\/\/kulturbloggen.com\/?p=103326"},"modified":"2016-08-30T08:36:21","modified_gmt":"2016-08-30T07:36:21","slug":"mohammed-ali-och-erik-lundin-invigde-arets-upplaga-av-stockholm-music-and-arts","status":"publish","type":"post","link":"https:\/\/kulturbloggen.com\/?p=103326","title":{"rendered":"Mohammed Ali och Erik Lundin invigde \u00e5rets upplaga av Stockholm Music and Arts"},"content":{"rendered":"<p><a href=\"http:\/\/kulturbloggen.com\/wp-content\/uploads\/2016\/07\/B-IMG_7251.jpg\"><img loading=\"lazy\" decoding=\"async\" src=\"http:\/\/kulturbloggen.com\/wp-content\/uploads\/2016\/07\/B-IMG_7251.jpg\" alt=\"B IMG_7251\" width=\"450\" height=\"664\" class=\"aligncenter size-full wp-image-103338\" srcset=\"https:\/\/kulturbloggen.com\/wp-content\/uploads\/2016\/07\/B-IMG_7251.jpg 450w, https:\/\/kulturbloggen.com\/wp-content\/uploads\/2016\/07\/B-IMG_7251-203x300.jpg 203w\" sizes=\"auto, (max-width: 450px) 100vw, 450px\" \/><\/a><\/p>\n<p>Musik- och konstfestivalen Stockholm Music and Arts startades i lysande sommarsol p\u00e5 Skeppsholmen mitt i lunchrusningen p\u00e5 fredagen den 29 juli 2016. Enligt v\u00e4derprognoserna ser det ut som att alla tre festivaldagarna kommer att ha soligt och hett v\u00e4der.<\/p>\n<p>F\u00f6rst ut p\u00e5 musikscenen var rapduon Mohammed Ali som d\u00e4rmed invigde musikdelen av festivalen och de invigde samtidigt festivalens nya scen, Tr\u00e4dg\u00e5rdsscenen som ligger i tr\u00e4dg\u00e5rden vid Caf\u00e9 Blom vid Moderna Mus\u00e9et och Arkitektur- och Designcentrum. Den nya scenen rymmer omkring 1.500 personer, vilket \u00e4r lite drygt en tiondel av vad hela festivalen rymmer. F\u00f6r att vara s\u00e4ker p\u00e5 att f\u00e5 en plats d\u00e4r m\u00e5ste bes\u00f6kare k\u00f6a, \u00e5tminstone till de mest publikdragande artisterna.<\/p>\n<p>Tr\u00e4dg\u00e5rdsscenen \u00e4r en mysig liten scen och d\u00e4r finns b\u00e5de plats i solskenet och i skuggan under tr\u00e4d och d\u00e4r finns m\u00f6jlighet b\u00e5de att k\u00f6pa en kopp kaffe eller ta n\u00e5got kallt att dricka och \u00e4ta n\u00e5got. D\u00e4remot tror jag det kan bli en del klagom\u00e5l p\u00e5 arrangemanget \u00e4nd\u00e5. \u00c5tminstone n\u00e4r Patti Smith spelar. D\u00e5 kommer nog inte 1.500 platser att r\u00e4cka till.<\/p>\n<p>Starten av \u00e5rets upplaga av festivalen hade en stark samh\u00e4llskritisk inledning b\u00e5de med Mohammed Ali p\u00e5 Tr\u00e4dg\u00e5rdsscenn och Erik Lundin som var f\u00f6rst ut p\u00e5 stora scenen som med stora bokst\u00e4ven m\u00e5lade p\u00e5 ett stort lakan \u00f6ver scenen hade texten &#8221;Hur mycket \u00e4r ett liv i orten v\u00e4rt?&#8221;<\/p>\n<p>Beskrivningen av Erik Lundin p\u00e5 festivalhemsidan \u00e4r v\u00e4ldigt tr\u00e4ffande:<br \/>\n<em>Erik Lundin g\u00f6r n\u00e5got av det sv\u00e5raste en artist kan g\u00f6ra, han s\u00e4tter en ficklampa i ansiktet inte bara p\u00e5 sig sj\u00e4lv och sin omgivning utan ett helt land och den tid som \u00e4r nu. Och han g\u00f6r det elegantare och intelligentare \u00e4n kanske n\u00e5gon tidigare svensk artist, med en perfekt avv\u00e4gd mix av humor, br\u00e5ddjupt allvar och en teknik som mer \u00e4n matchar retoriken.<\/em><\/p>\n<p><em>Under namnet Eboi har Lundin l\u00e4nge verkat i branschen men det var i och med bytet fr\u00e5n engelska till svenska p\u00e5 epn Suedi i vintras som det riktigt breda genombrottet kom. Femma i DN, femma i Di, femma i Kingsize, sexa i Gaffa och glada gubben i N\u00f6jesguiden, P3 Guld-vinnare som b\u00e4sta hiphop\/soul och Grammisvinnare f\u00f6r b\u00e5de hiphop\/soul och, ytterst v\u00e4lf\u00f6rtj\u00e4nt, som \u00e5rets textf\u00f6rfattare. M\u00e5nga har kallat Suedi en av de b\u00e4sta svenska hiphop-debuterna n\u00e5gonsin men vi g\u00e5r ett steg l\u00e4ngre och h\u00e4vdar att det \u00e4r en av de b\u00e4sta svenska debuterna n\u00e5gonsin, punkt. <\/em><\/p>\n<p>Moderna Museet var dock ig\u00e5ng tidigare p\u00e5 dagen och d\u00e4r vimlade av bes\u00f6kare. Festivalen inneh\u00e5ller ocks\u00e5 ett stort och intressant konsttema. Bland annat visa ett bildspel av artisten Olle Ljungstr\u00f6m varje dag mellan 10-18 under festivalen.<\/p>\n<p>Olle Ljungstr\u00f6m var precis det Stockholm Music &#038; Arts handlar om \u2013 f\u00f6reningen mellan musik och konst. Som en hyllning till hans liv, visas hans bildspel &#8221;Ur Olles kamera&#8221; under \u00e5rets Stockholm Music &#038; Arts. Bildspelet visas Moderna Mus\u00e9ets.<\/p>\n<p>Lite bakgrundsfakta om Mohammed Ali:<br \/>\nMer \u00e4n 15 \u00e5r har passerat sedan Rawa Ali och Mohammed Ryback gjorde musik ihop f\u00f6r f\u00f6rst\u00e5 g\u00e5ngen. Resan b\u00f6rjade p\u00e5 en h\u00f6gstadieskola i Vis\u00e4ttra, tv\u00e5 ton\u00e5ringar med liknande m\u00e5l och dr\u00f6mmar och som \u00e4ven delade en frustration \u00f6ver or\u00e4ttvisor de st\u00f6tte p\u00e5 i sin vardag fann varandra. Genom \u00e5ren har Rawa och Mohammed utvecklat ett samarbete best\u00e5ende av en stark v\u00e4nskap och respekt f\u00f6r varandra. De kompletterar varandra b\u00e5de musikaliskt och som l\u00e5tskrivare, den l\u00e5nga v\u00e4nskapen har gjort att de avslutar varandras meningar och f\u00f6rst\u00e5r vad den andra t\u00e4nker utan att ord beh\u00f6vs. Tillsammans g\u00f6r de varandra lite b\u00e4ttre.<br \/>\n\u00c5r 2009 debuterade Mohammed Ali med mix-tapen Processen, genomslagskraften blev enorm och l\u00e5tarna rosades. De nominerades till P3-guld och p\u00e5 Manifestgalan fick de med sig pris hem. Det varma mottagandet kom lite som en chock f\u00f6r de unga rapparna men pressen blev en drivkraft att ta musiken p\u00e5 allvar. Sedan dess har de fortsatt att krydda hiphopsverige med texter som alltid har n\u00e5got att s\u00e4ga om den tid vi lever i.<\/p>\n<p>B\u00e5de Rawa och Mohammed kom som flyktingar till Sverige som barn och p\u00e5 deras f\u00f6rsta full\u00e4ngdare Vi (2011) rappar de om sina erfarenheter av flykt, makt och utanf\u00f6rskap. \u00c5r 2014 sl\u00e4pptes EP:n50 l\u00e4nder som bel\u00f6nades som \u201d\u00c5rets EP\u201d p\u00e5 Kingsizegalan \u00e5ret efter.<\/p>\n<p>Nu \u00e4r de aktuella med albumet Tills N\u00e4sta G\u00e5ng, peppen inf\u00f6r sl\u00e4ppet \u00e4r stort och singlarna Biografi och B\u00e4ttras som sl\u00e4ppts som smakprov har hyllats av fans och vid spelningar. Mycket har h\u00e4nt i deras liv sedan f\u00f6rsta sl\u00e4ppet vilket \u00e4ven m\u00e4rks i musiken. Sj\u00e4lva beskriver de albumet som ett mognare, personligare och mer poetiskt album \u00e4n tidigare sl\u00e4pp.<\/p>\n<p><strong>Foto: BeA Nilsson<\/strong><\/p>\n<p><a href=\"http:\/\/kulturbloggen.com\/wp-content\/uploads\/2016\/07\/B-IMG_7256.jpg\"><img loading=\"lazy\" decoding=\"async\" src=\"http:\/\/kulturbloggen.com\/wp-content\/uploads\/2016\/07\/B-IMG_7256-231x300.jpg\" alt=\"B IMG_7256\" width=\"231\" height=\"300\" class=\"aligncenter size-medium wp-image-103339\" srcset=\"https:\/\/kulturbloggen.com\/wp-content\/uploads\/2016\/07\/B-IMG_7256-231x300.jpg 231w, https:\/\/kulturbloggen.com\/wp-content\/uploads\/2016\/07\/B-IMG_7256.jpg 450w\" sizes=\"auto, (max-width: 231px) 100vw, 231px\" \/><\/a><\/p>\n<p><a href=\"http:\/\/kulturbloggen.com\/wp-content\/uploads\/2016\/07\/B-IMG_7257.jpg\"><img loading=\"lazy\" decoding=\"async\" src=\"http:\/\/kulturbloggen.com\/wp-content\/uploads\/2016\/07\/B-IMG_7257-235x300.jpg\" alt=\"B IMG_7257\" width=\"235\" height=\"300\" class=\"aligncenter size-medium wp-image-103340\" srcset=\"https:\/\/kulturbloggen.com\/wp-content\/uploads\/2016\/07\/B-IMG_7257-235x300.jpg 235w, https:\/\/kulturbloggen.com\/wp-content\/uploads\/2016\/07\/B-IMG_7257.jpg 450w\" sizes=\"auto, (max-width: 235px) 100vw, 235px\" \/><\/a><\/p>\n<p><a href=\"http:\/\/kulturbloggen.com\/wp-content\/uploads\/2016\/07\/B-IMG_7264.jpg\"><img loading=\"lazy\" decoding=\"async\" src=\"http:\/\/kulturbloggen.com\/wp-content\/uploads\/2016\/07\/B-IMG_7264-216x300.jpg\" alt=\"B IMG_7264\" width=\"216\" height=\"300\" class=\"aligncenter size-medium wp-image-103341\" srcset=\"https:\/\/kulturbloggen.com\/wp-content\/uploads\/2016\/07\/B-IMG_7264-216x300.jpg 216w, https:\/\/kulturbloggen.com\/wp-content\/uploads\/2016\/07\/B-IMG_7264-768x1068.jpg 768w, https:\/\/kulturbloggen.com\/wp-content\/uploads\/2016\/07\/B-IMG_7264-736x1024.jpg 736w\" sizes=\"auto, (max-width: 216px) 100vw, 216px\" \/><\/a><\/p>\n<p><a href=\"http:\/\/kulturbloggen.com\/wp-content\/uploads\/2016\/07\/B-IMG_7270.jpg\"><img loading=\"lazy\" decoding=\"async\" src=\"http:\/\/kulturbloggen.com\/wp-content\/uploads\/2016\/07\/B-IMG_7270-300x222.jpg\" alt=\"B IMG_7270\" width=\"300\" height=\"222\" class=\"aligncenter size-medium wp-image-103342\" srcset=\"https:\/\/kulturbloggen.com\/wp-content\/uploads\/2016\/07\/B-IMG_7270-300x222.jpg 300w, https:\/\/kulturbloggen.com\/wp-content\/uploads\/2016\/07\/B-IMG_7270-768x568.jpg 768w, https:\/\/kulturbloggen.com\/wp-content\/uploads\/2016\/07\/B-IMG_7270-1024x757.jpg 1024w\" sizes=\"auto, (max-width: 300px) 100vw, 300px\" \/><\/a><\/p>\n<p><a href=\"http:\/\/kulturbloggen.com\/wp-content\/uploads\/2016\/07\/B-IMG_7333.jpg\"><img loading=\"lazy\" decoding=\"async\" src=\"http:\/\/kulturbloggen.com\/wp-content\/uploads\/2016\/07\/B-IMG_7333-300x185.jpg\" alt=\"B IMG_7333\" width=\"300\" height=\"185\" class=\"aligncenter size-medium wp-image-103343\" srcset=\"https:\/\/kulturbloggen.com\/wp-content\/uploads\/2016\/07\/B-IMG_7333-300x185.jpg 300w, https:\/\/kulturbloggen.com\/wp-content\/uploads\/2016\/07\/B-IMG_7333.jpg 450w\" sizes=\"auto, (max-width: 300px) 100vw, 300px\" \/><\/a><\/p>\n<p><a href=\"http:\/\/kulturbloggen.com\/wp-content\/uploads\/2016\/07\/B-IMG_7385.jpg\"><img loading=\"lazy\" decoding=\"async\" src=\"http:\/\/kulturbloggen.com\/wp-content\/uploads\/2016\/07\/B-IMG_7385-300x225.jpg\" alt=\"B IMG_7385\" width=\"300\" height=\"225\" class=\"aligncenter size-medium wp-image-103344\" srcset=\"https:\/\/kulturbloggen.com\/wp-content\/uploads\/2016\/07\/B-IMG_7385-300x225.jpg 300w, https:\/\/kulturbloggen.com\/wp-content\/uploads\/2016\/07\/B-IMG_7385.jpg 450w\" sizes=\"auto, (max-width: 300px) 100vw, 300px\" \/><\/a><\/p>\n","protected":false},"excerpt":{"rendered":"<p>Musik- och konstfestivalen Stockholm Music and Arts startades i lysande sommarsol p\u00e5 Skeppsholmen mitt i lunchrusningen p\u00e5 fredagen den 29 juli 2016. Enligt v\u00e4derprognoserna ser det ut som att alla tre festivaldagarna kommer att ha soligt och hett v\u00e4der. F\u00f6rst ut p\u00e5 musikscenen var rapduon Mohammed Ali som d\u00e4rmed invigde musikdelen av festivalen och de [&hellip;]<\/p>\n","protected":false},"author":13,"featured_media":0,"comment_status":"open","ping_status":"open","sticky":false,"template":"","format":"standard","meta":{"_genesis_hide_title":false,"_genesis_hide_breadcrumbs":false,"_genesis_hide_singular_image":false,"_genesis_hide_footer_widgets":false,"_genesis_custom_body_class":"","_genesis_custom_post_class":"","_genesis_layout":"","footnotes":""},"categories":[7],"tags":[12935,2274,3009,3748,12282,4127,12284,4643,4917,8481],"class_list":{"0":"post-103326","1":"post","2":"type-post","3":"status-publish","4":"format-standard","6":"category-musik","7":"tag-erik-lundin","8":"tag-hiphop","9":"tag-konst","10":"tag-mohammed-ali","11":"tag-musik","12":"tag-olle-ljungstrom","13":"tag-politik","14":"tag-rap","15":"tag-samhalle","16":"tag-stockholm-music-and-arts","17":"entry"},"_links":{"self":[{"href":"https:\/\/kulturbloggen.com\/index.php?rest_route=\/wp\/v2\/posts\/103326","targetHints":{"allow":["GET"]}}],"collection":[{"href":"https:\/\/kulturbloggen.com\/index.php?rest_route=\/wp\/v2\/posts"}],"about":[{"href":"https:\/\/kulturbloggen.com\/index.php?rest_route=\/wp\/v2\/types\/post"}],"author":[{"embeddable":true,"href":"https:\/\/kulturbloggen.com\/index.php?rest_route=\/wp\/v2\/users\/13"}],"replies":[{"embeddable":true,"href":"https:\/\/kulturbloggen.com\/index.php?rest_route=%2Fwp%2Fv2%2Fcomments&post=103326"}],"version-history":[{"count":9,"href":"https:\/\/kulturbloggen.com\/index.php?rest_route=\/wp\/v2\/posts\/103326\/revisions"}],"predecessor-version":[{"id":103346,"href":"https:\/\/kulturbloggen.com\/index.php?rest_route=\/wp\/v2\/posts\/103326\/revisions\/103346"}],"wp:attachment":[{"href":"https:\/\/kulturbloggen.com\/index.php?rest_route=%2Fwp%2Fv2%2Fmedia&parent=103326"}],"wp:term":[{"taxonomy":"category","embeddable":true,"href":"https:\/\/kulturbloggen.com\/index.php?rest_route=%2Fwp%2Fv2%2Fcategories&post=103326"},{"taxonomy":"post_tag","embeddable":true,"href":"https:\/\/kulturbloggen.com\/index.php?rest_route=%2Fwp%2Fv2%2Ftags&post=103326"}],"curies":[{"name":"wp","href":"https:\/\/api.w.org\/{rel}","templated":true}]}}