{"id":103206,"date":"2016-07-27T10:12:01","date_gmt":"2016-07-27T09:12:01","guid":{"rendered":"http:\/\/kulturbloggen.com\/?p=103206"},"modified":"2016-07-27T10:12:01","modified_gmt":"2016-07-27T09:12:01","slug":"veronica-maggio-far-forstarkning-av-miss-li-pa-stockholms-stadion","status":"publish","type":"post","link":"https:\/\/kulturbloggen.com\/?p=103206","title":{"rendered":"Veronica Maggio f\u00e5r f\u00f6rst\u00e4rkning av Miss Li p\u00e5 Stockholms Stadion"},"content":{"rendered":"<p><a href=\"http:\/\/kulturbloggen.com\/wp-content\/uploads\/2016\/07\/veronicamaggioss.jpg\"><img loading=\"lazy\" decoding=\"async\" src=\"http:\/\/kulturbloggen.com\/wp-content\/uploads\/2016\/07\/veronicamaggioss-300x182.jpg\" alt=\"veronicamaggioss\" width=\"300\" height=\"182\" class=\"aligncenter size-medium wp-image-103207\" srcset=\"https:\/\/kulturbloggen.com\/wp-content\/uploads\/2016\/07\/veronicamaggioss-300x182.jpg 300w, https:\/\/kulturbloggen.com\/wp-content\/uploads\/2016\/07\/veronicamaggioss.jpg 620w\" sizes=\"auto, (max-width: 300px) 100vw, 300px\" \/><\/a><\/p>\n<p>Efter Br\u00e5valla-spelningen i b\u00f6rjan av juli blickar Veronica Maggio fram\u00e5t mot l\u00f6rdag den 13 augusti och hennes st\u00f6rsta egna spelning hittills. Nu \u00e4r det \u00e4ven klart att Miss Li ansluter till denna festkv\u00e4ll p\u00e5 Stockholms Stadion.<\/p>\n<p>Ett pressmeddelande ber\u00e4ttar:<br \/>\nI \u00e5r firar Veronica Maggio 10 \u00e5r som artist och hon g\u00f6r det i stor stil. I b\u00f6rjan av juli upptr\u00e4dde hon p\u00e5 Br\u00e5valla-festivalen och hyllades i DN med ord som &#8221;g\u00e5shudsframkallande&#8221; och &#8221;f\u00f6rkrossande imponerande&#8221;, Aftonbladet delar ut 4 av 5 i betyg och skriver att hon skapar &#8221;festivaleufori&#8221; och Folkbladet skriver att &#8221;Veronica Maggio \u00e4r Br\u00e5valla Festivalen 2016\u201d.<\/p>\n<p>Den 13 augusti forts\u00e4tter jubileums\u00e5ret p\u00e5 Stockholms Stadion med en magisk kv\u00e4ll fylld av hennes st\u00f6rsta hits och l\u00e5tar fr\u00e5n albumen \u201cVatten och br\u00f6d\u201d, \u201cOch vinnaren \u00e4r\u2026\u201d, \u201cSatan i gatan\u201d, \u201cHanden i fickan fast jag bryr mig\u201d och \u201cDen f\u00f6rsta \u00e4r alltid gratis\u201d. Nu \u00e4r det klart att Veronica Maggio kommer f\u00e5 f\u00f6rst\u00e4rkning av Miss Li under kv\u00e4llen.<\/p>\n<p>\u2013 Det k\u00e4nns kul att f\u00e5 s\u00e4llskap av Miss Li, s\u00e4ger Veronica Maggio. Jag s\u00e5g henne spela live p\u00e5 Malm\u00f6festivalen f\u00f6r f\u00f6rsta g\u00e5ngen f\u00f6r l\u00e4nge sedan och blev otroligt inspirerad! D\u00e4rf\u00f6r k\u00e4nns det grymt att f\u00e5 just hennes hj\u00e4lp p\u00e5 Stadion. <\/p>\n<p>\u2013 Jag \u00e4r s\u00e5 grymt glad, peppad och HEDRAD \u00f6ver att f\u00e5 g\u00e4sta Maggio p\u00e5 Stadion, s\u00e4ger Miss Li. Jag kan knappt b\u00e4rga mig! Det \u00e4r l\u00e4tt sommarens stora h\u00f6jdpunkt. Det blir mitt och bandets f\u00f6rsta gig tillsammans p\u00e5 tv\u00e5 \u00e5r, s\u00e5 peppen \u00e4r total! Jag kan knappt sitta still!<\/p>\n<p><strong>Miss Li<\/strong><br \/>\nMiss Li \u00e4r en av Sveriges mest \u00e4lskade artister. Hon \u00e4r \u00e4ntligen p\u00e5 g\u00e5ng med nytt material och kommer senare i sommar sl\u00e4ppa nya singeln \u201cBonfire\u201d. Hon debuterade 2006 och gav inom loppet av ett \u00e5r ut tre stors\u00e4ljande album samt en &#8221;Best of&#8221;-skiva. Under samma period spelade hon in den framg\u00e5ngsrika duetten &#8221;Om du l\u00e4mnar mig nu&#8221; med Lars Winnerb\u00e4ck som l\u00e5g 240 veckor p\u00e5 Svensktoppen och vann en Grammis f\u00f6r \u00c5rets l\u00e5t. 2012 medverkade Miss Li i &#8221;S\u00e5 mycket b\u00e4ttre&#8221;. D\u00e4r tolkade hon bland annat Pugh Rogefeldts l\u00e5t &#8221;H\u00e4r kommer natten&#8221; som hyllades. 2013 sl\u00e4pptes albumet &#8221;Wolves&#8221;, hennes sjunde skiva p\u00e5 lika m\u00e5nga \u00e5r. 2014 sl\u00e4ppte Miss Li singeln &#8221;I Finally Found It&#8221; som \u00e4ven \u00e4r med i filmen &#8221;Hallonb\u00e5tsflyktingen&#8221;.<\/p>\n","protected":false},"excerpt":{"rendered":"<p>Efter Br\u00e5valla-spelningen i b\u00f6rjan av juli blickar Veronica Maggio fram\u00e5t mot l\u00f6rdag den 13 augusti och hennes st\u00f6rsta egna spelning hittills. Nu \u00e4r det \u00e4ven klart att Miss Li ansluter till denna festkv\u00e4ll p\u00e5 Stockholms Stadion. Ett pressmeddelande ber\u00e4ttar: I \u00e5r firar Veronica Maggio 10 \u00e5r som artist och hon g\u00f6r det i stor stil. [&hellip;]<\/p>\n","protected":false},"author":13,"featured_media":0,"comment_status":"open","ping_status":"open","sticky":false,"template":"","format":"standard","meta":{"_genesis_hide_title":false,"_genesis_hide_breadcrumbs":false,"_genesis_hide_singular_image":false,"_genesis_hide_footer_widgets":false,"_genesis_custom_body_class":"","_genesis_custom_post_class":"","_genesis_layout":"","footnotes":""},"categories":[7],"tags":[3004,8804,12282,5419,6216],"class_list":{"0":"post-103206","1":"post","2":"type-post","3":"status-publish","4":"format-standard","6":"category-musik","7":"tag-konserter","8":"tag-miss-li","9":"tag-musik","10":"tag-stockholms-stadion","11":"tag-veronica-maggio","12":"entry"},"_links":{"self":[{"href":"https:\/\/kulturbloggen.com\/index.php?rest_route=\/wp\/v2\/posts\/103206","targetHints":{"allow":["GET"]}}],"collection":[{"href":"https:\/\/kulturbloggen.com\/index.php?rest_route=\/wp\/v2\/posts"}],"about":[{"href":"https:\/\/kulturbloggen.com\/index.php?rest_route=\/wp\/v2\/types\/post"}],"author":[{"embeddable":true,"href":"https:\/\/kulturbloggen.com\/index.php?rest_route=\/wp\/v2\/users\/13"}],"replies":[{"embeddable":true,"href":"https:\/\/kulturbloggen.com\/index.php?rest_route=%2Fwp%2Fv2%2Fcomments&post=103206"}],"version-history":[{"count":1,"href":"https:\/\/kulturbloggen.com\/index.php?rest_route=\/wp\/v2\/posts\/103206\/revisions"}],"predecessor-version":[{"id":103208,"href":"https:\/\/kulturbloggen.com\/index.php?rest_route=\/wp\/v2\/posts\/103206\/revisions\/103208"}],"wp:attachment":[{"href":"https:\/\/kulturbloggen.com\/index.php?rest_route=%2Fwp%2Fv2%2Fmedia&parent=103206"}],"wp:term":[{"taxonomy":"category","embeddable":true,"href":"https:\/\/kulturbloggen.com\/index.php?rest_route=%2Fwp%2Fv2%2Fcategories&post=103206"},{"taxonomy":"post_tag","embeddable":true,"href":"https:\/\/kulturbloggen.com\/index.php?rest_route=%2Fwp%2Fv2%2Ftags&post=103206"}],"curies":[{"name":"wp","href":"https:\/\/api.w.org\/{rel}","templated":true}]}}