{"id":10310,"date":"2009-06-10T19:37:12","date_gmt":"2009-06-10T17:37:12","guid":{"rendered":"http:\/\/kulturbloggen.com\/?p=10310"},"modified":"2009-06-10T19:37:12","modified_gmt":"2009-06-10T17:37:12","slug":"sonic-youth-%e2%80%9dthe-eternal%e2%80%9d-kanske-veckans-basta-skivslapp","status":"publish","type":"post","link":"https:\/\/kulturbloggen.com\/?p=10310","title":{"rendered":"Sonic Youth: \u201dThe Eternal\u201d &#8211; kanske veckans b\u00e4sta skivsl\u00e4pp"},"content":{"rendered":"<p><img loading=\"lazy\" decoding=\"async\" src=\"http:\/\/sodergren.com\/kulturbloggen\/wp-content\/uploads\/2009\/06\/sonicyouth_theeternal290.jpg\" alt=\"sonicyouth_theeternal290\" title=\"sonicyouth_theeternal290\" width=\"290\" height=\"200\" class=\"aligncenter size-full wp-image-10312\" \/><br \/>\nJag har lyssnat p\u00e5 Sonic Youths nya album \u201dThe Eternal\u201d hela dagen idag. Tack och lov har jag tillg\u00e5ng till mitt Spotifykonto p\u00e5 jobbet och tack musikbolaget som f\u00f6rhandlat med Spotify s\u00e5 skivan finns tillg\u00e4nglig d\u00e4r.<br \/>\nFaktum \u00e4r att jag egentligen inte \u00e4r n\u00e5gon Sonic Youth-\u00e4lskare, \u00e4nd\u00e5 fastnade jag f\u00f6r l\u00e5tarna och ville inte byta till n\u00e5gon annan musik under hela dagen.<br \/>\n<!--more--><br \/>\nHur DN:s musikskribent Po Tidholm kunde ge &#8221;bara&#8221; betyg 3 \u00e4r en g\u00e5ta. Eller s\u00e5 \u00e4r han bortsk\u00e4md eller s\u00e5 har vi helt olika musiksmak. Jag vet inte.<br \/>\n<a href=\"http:\/\/www.dn.se\/kultur-noje\/skivrecensioner\/recension-sonic-youth-the-eternal-1.888213\">Ur DN-recensionen:<\/a><\/p>\n<blockquote><p>Jag hade f\u00f6ljaktligen h\u00f6ga f\u00f6rv\u00e4ntningar p\u00e5 \u201dThe eternal\u201d. Det blir l\u00e4tt s\u00e5 med Sonic Youth. De \u00e4r p\u00e5 det viset offer f\u00f6r sina egna pretentioner. M\u00e5nga av l\u00e5tarna p\u00e5 \u201dThe eternal\u201d k\u00e4nns rutinm\u00e4ssiga och slappa. Musikerprestationerna och sj\u00e4lva ljudarbetet lyckas inte riktigt d\u00f6lja att de inte hade s\u00e5 mycket att s\u00e4ga den h\u00e4r g\u00e5ngen.<\/p>\n<p>B\u00e4sta sp\u00e5r: \u201dLeaky lifeboat\u201d, \u201dWalkin blue\u201d<\/p><\/blockquote>\n<p><a href=\"http:\/\/www.svd.se\/kulturnoje\/musik\/artikel_3041479.svd\">Andress Lokko i SVD gav betyg 4<\/a> och nu tycker jag vi n\u00e4rmar oss ett mer r\u00e4ttvist betyg:<\/p>\n<blockquote><p>Estetik har en f\u00f6rm\u00e5ga att skymma sikten f\u00f6r det faktiska inneh\u00e5llet. I synnerhet nu n\u00e4r d\u00e4r deras pops\u00e5nger i moll \u00e4r obarmh\u00e4rtigt nedtyngda av medel\u00e5lderns tilltagande saknad \u00f6ver v\u00e4nner som b\u00f6rjar g\u00e5 bort. <\/p><\/blockquote>\n<p><a href=\"http:\/\/www.expressen.se\/noje\/recensioner\/skivor\/1.1594586\/sonic-youth-the-eternal\">F\u00f6r \u00f6vrigt fick albumet bra betyg i Expressen ocks\u00e5.<\/a><\/p>\n<p>Sonic Youth &#8211; sacred trickster &#8211; The Eternal 2009 &#8211; Video montage Luxembourg 25.04.2009<\/p>\n<p><object width=\"425\" height=\"344\"><param name=\"movie\" value=\"http:\/\/www.youtube.com\/v\/KlUaCjpZgN0&#038;hl=sv&#038;fs=1&#038;\"><\/param><param name=\"allowFullScreen\" value=\"true\"><\/param><param name=\"allowscriptaccess\" value=\"always\"><\/param><embed src=\"http:\/\/www.youtube.com\/v\/KlUaCjpZgN0&#038;hl=sv&#038;fs=1&#038;\" type=\"application\/x-shockwave-flash\" allowscriptaccess=\"always\" allowfullscreen=\"true\" width=\"425\" height=\"344\"><\/embed><\/object><\/p>\n<p>Andra bloggar om: <a href=\"http:\/\/bloggar.se\/om\/skivnytt\" rel=\"tag\">skivnytt<\/a>, <a href=\"http:\/\/bloggar.se\/om\/indie\" rel=\"tag\">indie<\/a>, <a href=\"http:\/\/bloggar.se\/om\/Sonic+Youth\" rel=\"tag\">Sonic Youth<\/a>, <a href=\"http:\/\/bloggar.se\/om\/The+Eternal\" rel=\"tag\">The Eternal<\/a>, <a href=\"http:\/\/bloggar.se\/om\/recensioner\" rel=\"tag\">recensioner<\/a>, <a href=\"http:\/\/bloggar.se\/om\/musik\" rel=\"tag\">musik<\/a>, <a href=\"http:\/\/bloggar.se\/om\/alternative\" rel=\"tag\">alternative<\/a><\/p>\n","protected":false},"excerpt":{"rendered":"<p>Jag har lyssnat p\u00e5 Sonic Youths nya album \u201dThe Eternal\u201d hela dagen idag. Tack och lov har jag tillg\u00e5ng till mitt Spotifykonto p\u00e5 jobbet och tack musikbolaget som f\u00f6rhandlat med Spotify s\u00e5 skivan finns tillg\u00e4nglig d\u00e4r. Faktum \u00e4r att jag egentligen inte \u00e4r n\u00e5gon Sonic Youth-\u00e4lskare, \u00e4nd\u00e5 fastnade jag f\u00f6r l\u00e5tarna och ville inte byta [&hellip;]<\/p>\n","protected":false},"author":2,"featured_media":0,"comment_status":"open","ping_status":"open","sticky":false,"template":"","format":"standard","meta":{"_genesis_hide_title":false,"_genesis_hide_breadcrumbs":false,"_genesis_hide_singular_image":false,"_genesis_hide_footer_widgets":false,"_genesis_custom_body_class":"","_genesis_custom_post_class":"","_genesis_layout":"","footnotes":""},"categories":[16,22],"tags":[2467,5121],"class_list":{"0":"post-10310","1":"post","2":"type-post","3":"status-publish","4":"format-standard","6":"category-recension","7":"category-skivor","8":"tag-indie","9":"tag-skivnytt","10":"entry"},"_links":{"self":[{"href":"https:\/\/kulturbloggen.com\/index.php?rest_route=\/wp\/v2\/posts\/10310","targetHints":{"allow":["GET"]}}],"collection":[{"href":"https:\/\/kulturbloggen.com\/index.php?rest_route=\/wp\/v2\/posts"}],"about":[{"href":"https:\/\/kulturbloggen.com\/index.php?rest_route=\/wp\/v2\/types\/post"}],"author":[{"embeddable":true,"href":"https:\/\/kulturbloggen.com\/index.php?rest_route=\/wp\/v2\/users\/2"}],"replies":[{"embeddable":true,"href":"https:\/\/kulturbloggen.com\/index.php?rest_route=%2Fwp%2Fv2%2Fcomments&post=10310"}],"version-history":[{"count":0,"href":"https:\/\/kulturbloggen.com\/index.php?rest_route=\/wp\/v2\/posts\/10310\/revisions"}],"wp:attachment":[{"href":"https:\/\/kulturbloggen.com\/index.php?rest_route=%2Fwp%2Fv2%2Fmedia&parent=10310"}],"wp:term":[{"taxonomy":"category","embeddable":true,"href":"https:\/\/kulturbloggen.com\/index.php?rest_route=%2Fwp%2Fv2%2Fcategories&post=10310"},{"taxonomy":"post_tag","embeddable":true,"href":"https:\/\/kulturbloggen.com\/index.php?rest_route=%2Fwp%2Fv2%2Ftags&post=10310"}],"curies":[{"name":"wp","href":"https:\/\/api.w.org\/{rel}","templated":true}]}}