{"id":102621,"date":"2016-06-15T14:27:38","date_gmt":"2016-06-15T13:27:38","guid":{"rendered":"http:\/\/kulturbloggen.com\/?p=102621"},"modified":"2016-06-15T14:27:38","modified_gmt":"2016-06-15T13:27:38","slug":"lyssna-the-tallest-man-on-earth-time-of-the-blue","status":"publish","type":"post","link":"https:\/\/kulturbloggen.com\/?p=102621","title":{"rendered":"Lyssna: The Tallest Man On Earth &#8211; Time Of The Blue"},"content":{"rendered":"<p><a href=\"http:\/\/kulturbloggen.com\/wp-content\/uploads\/2016\/06\/thetallestmanonearth.jpg\"><img loading=\"lazy\" decoding=\"async\" src=\"http:\/\/kulturbloggen.com\/wp-content\/uploads\/2016\/06\/thetallestmanonearth-300x200.jpg\" alt=\"thetallestmanonearth\" width=\"300\" height=\"200\" class=\"aligncenter size-medium wp-image-102622\" srcset=\"https:\/\/kulturbloggen.com\/wp-content\/uploads\/2016\/06\/thetallestmanonearth-300x200.jpg 300w, https:\/\/kulturbloggen.com\/wp-content\/uploads\/2016\/06\/thetallestmanonearth-768x512.jpg 768w, https:\/\/kulturbloggen.com\/wp-content\/uploads\/2016\/06\/thetallestmanonearth.jpg 800w\" sizes=\"auto, (max-width: 300px) 100vw, 300px\" \/><\/a><\/p>\n<p>The Tallest Man On Earth har sl\u00e4ppt en ny l\u00e5t: Time Of The Blue.<\/p>\n<p>Under n\u00e5gra \u00e5r har Kristian Matsson, mannen bakom aliaset The Tallest Man On Earth, utvecklat ett st\u00f6rre och dj\u00e4rvare uttryck i s\u00e5v\u00e4l l\u00e5tskrivande som produktion. P\u00e5 nya l\u00e5ten tar han ett kliv tillbaka och sl\u00e4pper en l\u00e5t med ett enda sj\u00e4lvklart fokus &#8211; l\u00e5ten sj\u00e4lv.<\/p>\n<p>The Tallest Man On Earth har varit p\u00e5 v\u00e4rldsturn\u00e9 nonstop sen senaste albumet Dark Bird Is Home sl\u00e4pptes f\u00f6r drygt ett \u00e5r sen. Det har dock inte hindrat honom fr\u00e5n att skriva nya l\u00e5tar.<br \/>\nN\u00e4sta spelning han g\u00f6r \u00e4r den 21 juni p\u00e5 legendariska Royal Albert Hall i London. I Sverige har vi m\u00f6jlighet att se honom live p\u00e5 Way Out West i G\u00f6teborg den 13 augusti och p\u00e5 Dalhalla i R\u00e4ttvik den 3 september.<\/p>\n<p><iframe loading=\"lazy\" src=\"https:\/\/embed.spotify.com\/?uri=spotify%3Atrack%3A1FubVg5ftb4Cc6sPTiYklB\" width=\"300\" height=\"380\" frameborder=\"0\" allowtransparency=\"true\"><\/iframe><\/p>\n","protected":false},"excerpt":{"rendered":"<p>The Tallest Man On Earth har sl\u00e4ppt en ny l\u00e5t: Time Of The Blue. Under n\u00e5gra \u00e5r har Kristian Matsson, mannen bakom aliaset The Tallest Man On Earth, utvecklat ett st\u00f6rre och dj\u00e4rvare uttryck i s\u00e5v\u00e4l l\u00e5tskrivande som produktion. P\u00e5 nya l\u00e5ten tar han ett kliv tillbaka och sl\u00e4pper en l\u00e5t med ett enda sj\u00e4lvklart [&hellip;]<\/p>\n","protected":false},"author":13,"featured_media":0,"comment_status":"open","ping_status":"open","sticky":false,"template":"","format":"standard","meta":{"_genesis_hide_title":false,"_genesis_hide_breadcrumbs":false,"_genesis_hide_singular_image":false,"_genesis_hide_footer_widgets":false,"_genesis_custom_body_class":"","_genesis_custom_post_class":"","_genesis_layout":"","footnotes":""},"categories":[7],"tags":[5808],"class_list":{"0":"post-102621","1":"post","2":"type-post","3":"status-publish","4":"format-standard","6":"category-musik","7":"tag-the-tallest-man-on-earth","8":"entry"},"_links":{"self":[{"href":"https:\/\/kulturbloggen.com\/index.php?rest_route=\/wp\/v2\/posts\/102621","targetHints":{"allow":["GET"]}}],"collection":[{"href":"https:\/\/kulturbloggen.com\/index.php?rest_route=\/wp\/v2\/posts"}],"about":[{"href":"https:\/\/kulturbloggen.com\/index.php?rest_route=\/wp\/v2\/types\/post"}],"author":[{"embeddable":true,"href":"https:\/\/kulturbloggen.com\/index.php?rest_route=\/wp\/v2\/users\/13"}],"replies":[{"embeddable":true,"href":"https:\/\/kulturbloggen.com\/index.php?rest_route=%2Fwp%2Fv2%2Fcomments&post=102621"}],"version-history":[{"count":1,"href":"https:\/\/kulturbloggen.com\/index.php?rest_route=\/wp\/v2\/posts\/102621\/revisions"}],"predecessor-version":[{"id":102623,"href":"https:\/\/kulturbloggen.com\/index.php?rest_route=\/wp\/v2\/posts\/102621\/revisions\/102623"}],"wp:attachment":[{"href":"https:\/\/kulturbloggen.com\/index.php?rest_route=%2Fwp%2Fv2%2Fmedia&parent=102621"}],"wp:term":[{"taxonomy":"category","embeddable":true,"href":"https:\/\/kulturbloggen.com\/index.php?rest_route=%2Fwp%2Fv2%2Fcategories&post=102621"},{"taxonomy":"post_tag","embeddable":true,"href":"https:\/\/kulturbloggen.com\/index.php?rest_route=%2Fwp%2Fv2%2Ftags&post=102621"}],"curies":[{"name":"wp","href":"https:\/\/api.w.org\/{rel}","templated":true}]}}