{"id":102419,"date":"2016-06-08T10:31:05","date_gmt":"2016-06-08T09:31:05","guid":{"rendered":"http:\/\/kulturbloggen.com\/?p=102419"},"modified":"2016-06-08T10:31:05","modified_gmt":"2016-06-08T09:31:05","slug":"sveriges-storsta-feministiska-gratisfestival-i-malmo-10-12-juni","status":"publish","type":"post","link":"https:\/\/kulturbloggen.com\/?p=102419","title":{"rendered":"Sveriges st\u00f6rsta feministiska gratisfestival i Malm\u00f6 10-12 juni"},"content":{"rendered":"<p><a href=\"http:\/\/kulturbloggen.com\/wp-content\/uploads\/2016\/06\/feministiskfestival.jpg\"><img loading=\"lazy\" decoding=\"async\" src=\"http:\/\/kulturbloggen.com\/wp-content\/uploads\/2016\/06\/feministiskfestival-300x78.jpg\" alt=\"feministiskfestival\" width=\"300\" height=\"78\" class=\"aligncenter size-medium wp-image-102420\" srcset=\"https:\/\/kulturbloggen.com\/wp-content\/uploads\/2016\/06\/feministiskfestival-300x78.jpg 300w, https:\/\/kulturbloggen.com\/wp-content\/uploads\/2016\/06\/feministiskfestival.jpg 700w\" sizes=\"auto, (max-width: 300px) 100vw, 300px\" \/><\/a><\/p>\n<p>I helgen mellan den 10 \u2013 12 juni kommer tusentals feminister att samlas i centrala Malm\u00f6 f\u00f6r att samtala, l\u00e4ra sig nytt, diskutera och ha roligt. Feministisk festival Malm\u00f6 kommer i \u00e5r att pr\u00e4glas av ett samarbete mellan \u00f6ver 70 organisationer. Ett pressmeddelande ber\u00e4ttar om Sveriges st\u00f6rsta feministiska gratisfestival:<\/p>\n<p>Festivalprogrammet \u00e4r sp\u00e4ckat med \u00f6ver 100 programpunkter d\u00e4r allt fr\u00e5n workshops om Hip hop f\u00f6r dig \u00f6ver 30, en partidebatt om j\u00e4mst\u00e4lldhetspolitik, panelsamtal om muslimsk feminism och teaterf\u00f6rest\u00e4llningar f\u00e5r plats. Under det s\u00e4rskilda filmprogrammet som bes\u00f6kare bjuds in att ta del av kommer det dessutom bjudas p\u00e5 exklusiva visningar.<\/p>\n<p>Nedan f\u00f6ljer n\u00e5gra av festivalens h\u00f6jdpunkter:<\/p>\n<p><strong>Fredag 10 juni<\/strong><br \/>\n15.00 Agenda: J\u00e4mlikhet som bland annat bjudit in den stora instagramprofilen Steffi Alouch, @aluochh, till ett panelsamtal om aktivism<br \/>\n18.00 Normopaterna spelar sin uppm\u00e4rksammade teaterpj\u00e4s Psykbryt om psykisk o\/h\u00e4lsa<br \/>\n22.00 Humorkv\u00e4ll med stand-up fr\u00e5n Elin Alm\u00e9n, Nathalie C\u00e9cil, Emma Hansson L\u00f6fgren och Anneli Abrahamsson<\/p>\n<p><strong>L\u00f6rdag 11 juni<\/strong><br \/>\n11.15 Film och panelsamtal om arabisk och muslimsk feminism<br \/>\n15.00 Ge ditt barn 100 m\u00f6jligheter ist\u00e4llet f\u00f6r tv\u00e5 \u2013 f\u00f6rel\u00e4sning om genusmedveten barnuppfostran<br \/>\n15.30 Malm\u00f6s partier drabbar samman i en stor debatt om j\u00e4mst\u00e4lldhetspolitik<br \/>\n18.30 Fest p\u00e5 Inkonst med en line-up best\u00e5ende av Kuru Mapu, Anna Jad\u00e9us, Mimmi &#038; Anniemal, Ragata, Kvinnliga Situationen, Dare to Spin, Almaty (Tjejrejv), Smokey och Solid Blake (Apeiron Crew),  Mitchybitchy (Club Wellness). Konferencier f\u00f6r kv\u00e4llen \u00e4r Maria Maunsbach.<\/p>\n<p><strong>S\u00f6ndag 12 juni<\/strong><br \/>\n10.00 The Ravishing Byrds Burlesque h\u00e5ller i en workshop om burlesk och kroppskonst<br \/>\n11.00 Feminism f\u00f6r arabisktalande med Lina Al-Nahar som bjuder in till diskussion om feminism i den arabisktalande delen av Malm\u00f6<br \/>\n11.45 En annan barnbok \u00e4r m\u00f6jlig \u2013 panelsamtal som diskuterar feministisk barnbokslitteratur med bland andra Anna Gatu<br \/>\n15.30 Panelsamtal om den queera litteraturen idag  <\/p>\n","protected":false},"excerpt":{"rendered":"<p>I helgen mellan den 10 \u2013 12 juni kommer tusentals feminister att samlas i centrala Malm\u00f6 f\u00f6r att samtala, l\u00e4ra sig nytt, diskutera och ha roligt. Feministisk festival Malm\u00f6 kommer i \u00e5r att pr\u00e4glas av ett samarbete mellan \u00f6ver 70 organisationer. Ett pressmeddelande ber\u00e4ttar om Sveriges st\u00f6rsta feministiska gratisfestival: Festivalprogrammet \u00e4r sp\u00e4ckat med \u00f6ver 100 [&hellip;]<\/p>\n","protected":false},"author":13,"featured_media":0,"comment_status":"open","ping_status":"open","sticky":false,"template":"","format":"standard","meta":{"_genesis_hide_title":false,"_genesis_hide_breadcrumbs":false,"_genesis_hide_singular_image":false,"_genesis_hide_footer_widgets":false,"_genesis_custom_body_class":"","_genesis_custom_post_class":"","_genesis_layout":"","footnotes":""},"categories":[62],"tags":[1690,12882,3469],"class_list":{"0":"post-102419","1":"post","2":"type-post","3":"status-publish","4":"format-standard","6":"category-medie-och-kulturpolitik","7":"tag-feminism","8":"tag-gratisfestival","9":"tag-malmo","10":"entry"},"_links":{"self":[{"href":"https:\/\/kulturbloggen.com\/index.php?rest_route=\/wp\/v2\/posts\/102419","targetHints":{"allow":["GET"]}}],"collection":[{"href":"https:\/\/kulturbloggen.com\/index.php?rest_route=\/wp\/v2\/posts"}],"about":[{"href":"https:\/\/kulturbloggen.com\/index.php?rest_route=\/wp\/v2\/types\/post"}],"author":[{"embeddable":true,"href":"https:\/\/kulturbloggen.com\/index.php?rest_route=\/wp\/v2\/users\/13"}],"replies":[{"embeddable":true,"href":"https:\/\/kulturbloggen.com\/index.php?rest_route=%2Fwp%2Fv2%2Fcomments&post=102419"}],"version-history":[{"count":1,"href":"https:\/\/kulturbloggen.com\/index.php?rest_route=\/wp\/v2\/posts\/102419\/revisions"}],"predecessor-version":[{"id":102421,"href":"https:\/\/kulturbloggen.com\/index.php?rest_route=\/wp\/v2\/posts\/102419\/revisions\/102421"}],"wp:attachment":[{"href":"https:\/\/kulturbloggen.com\/index.php?rest_route=%2Fwp%2Fv2%2Fmedia&parent=102419"}],"wp:term":[{"taxonomy":"category","embeddable":true,"href":"https:\/\/kulturbloggen.com\/index.php?rest_route=%2Fwp%2Fv2%2Fcategories&post=102419"},{"taxonomy":"post_tag","embeddable":true,"href":"https:\/\/kulturbloggen.com\/index.php?rest_route=%2Fwp%2Fv2%2Ftags&post=102419"}],"curies":[{"name":"wp","href":"https:\/\/api.w.org\/{rel}","templated":true}]}}