{"id":10213,"date":"2009-06-06T21:54:22","date_gmt":"2009-06-06T19:54:22","guid":{"rendered":"http:\/\/kulturbloggen.com\/?p=10213"},"modified":"2009-06-06T21:54:22","modified_gmt":"2009-06-06T19:54:22","slug":"sverige-danmark-mardrommen-blev-sann","status":"publish","type":"post","link":"https:\/\/kulturbloggen.com\/?p=10213","title":{"rendered":"Sverige-Danmark: Mardr\u00f6mmen blev sann"},"content":{"rendered":"<p><img loading=\"lazy\" decoding=\"async\" src=\"http:\/\/sodergren.com\/kulturbloggen\/wp-content\/uploads\/2009\/06\/danmarksfotboll290.jpg\" alt=\"danmarksfotboll290\" title=\"danmarksfotboll290\" width=\"290\" height=\"200\" class=\"aligncenter size-full wp-image-10234\" \/><br \/>\nDe k\u00e4ndes lite oroligt f\u00f6re matchen. Danskarna m\u00e5ste ju vara hur laddade som helst. Utg\u00e5ngspunkten: Danmark l\u00e5g ett i kvalgruppen till VM.<br \/>\nF\u00f6r svensk del var det i stort sett vinna eller f\u00f6rsvinna.<br \/>\nOch p\u00e5 svenska nationaldagen och allt. Vi \u00e4r inget bra p\u00e5 att fira det. L\u00e5t oss l\u00e4gga ner den. Vi \u00e4r \u00e4nd\u00e5 inget bra p\u00e5 att fira den, allt som g\u00f6rs \u00e4r av myndigheter organiserade firanden och dessutom klarar vi inte av att vinna p\u00e5 hemmaplan. L\u00e4gg ner.<br \/>\n<!--more--><br \/>\nMed tre 0-0-matcher i bagaget var de bl\u00e5gula i princip tvungna att fixa en seger f\u00f6r att p\u00e5 allvar kunna dr\u00f6mma om spel i VM i Sydafrika 2010.<\/p>\n<p>Vad jag saknade i matchen: det var f\u00f6r lite av det bra samspelet mellan Rasmus Elm och Zlatan. N\u00e4r Zlatan h\u00f6ll sig p\u00e5 topp och Elm placerade inl\u00e4gg till honom, d\u00e5 t\u00e4nde det till och matchen fick n\u00e5got som kunde blivit en ny dimension. Men Zlatan var f\u00f6r mycket p\u00e5 mittf\u00e4ltet och hj\u00e4lpte till att f\u00f6rs\u00f6ka f\u00e5 upp bollarna &#8211; och det \u00e4r inte d\u00e4r i mitten han ska vara.<\/p>\n<p>Lite drygt tio minuter in i matchen fick Sverige en straff, som jag inte riktigt \u00e4r s\u00e4ker p\u00e5 var r\u00e4tt d\u00f6md. Men K\u00e4llstr\u00f6m lyckades \u00e4nd\u00e5 inte s\u00e4tta den. S\u00e5 slipper vi efterdiskussioner om domslut. Sedan var spelet r\u00e4tt lamt i tio minuter och i 23:en bj\u00f6d de svenska backarna p\u00e5 ett felpass som danskarna satt rakt in i det svenska m\u00e5let. 1-0 till Danmark. Det som inte fick ske h\u00e4nde. Kan n\u00e5gon f\u00f6rklara varf\u00f6r en svensk f\u00f6rsvarare f\u00f6rs\u00f6ker sig p\u00e5 en klackspark framf\u00f6r det egna m\u00e5let? \u00c4r det inte s\u00e5dant som ska \u00f6verl\u00e5tas \u00e5t Zlatan och d\u00e5 framf\u00f6r motst\u00e5ndarnas lag?<br \/>\nBakl\u00e4ngesm\u00e5lat kom till genom rent slarv av svenskarna. Framf\u00f6r egna m\u00e5let f\u00f6rs\u00f6kte svenska backen g\u00f6ra n\u00e5gon form av klackspark eller vad det var. Slarvigt och s\u00e5 tr\u00e5kigt.<\/p>\n<p><a href=\"http:\/\/www.aftonbladet.se\/sportbladet\/article5319957.ab\">Leify i Aftonbladet beskrev det s\u00e5 h\u00e4r<\/a>:<\/p>\n<blockquote><p>Micke Nilsson missar totalt n\u00e4r han ska sl\u00e5 undan bollen och Thomas Kahlenberg f\u00e5r bollen till sk\u00e4nks, en meter fr\u00e5n m\u00e5llinjen och Isak \u00e4r borta. D\u00e4r g\u00f6r till och med Petter Wast\u00e5 m\u00e5l&#8230; ajajaj&#8230; ett svenskt j\u00e4ttemisstag som b\u00e4ddar f\u00f6r 1-0 till danskarna.<\/p><\/blockquote>\n<p>Zlatan, ja. Det k\u00e4nns hel fel att han ska spela l\u00e5ngt ner. Jo p\u00e5 pappret ligger han p\u00e5 topp, men det svenska spelet verkar inte klara av att l\u00e5ta honom vara d\u00e4r p\u00e5 topp och laget verkar inte klara av att servera honom de pass som han \u00e4r m\u00e4stare p\u00e5 att f\u00f6rvalta. Det var bara i n\u00e5gra stunder som det t\u00e4nde till och det var framf\u00f6r allt n\u00e4r Elm blixtrade till, som jag n\u00e4mnde i inledningen. Det \u00e4r d\u00e4r det svenska hoppet finns.<\/p>\n<p>Storebrorsattityden som lyste igenom f\u00f6re matchen, bland annat p\u00e5 <a href=\"http:\/\/www.aftonbladet.se\/sportbladet\/article5319957.ab\">Aftonbladets rubrik <\/a>k\u00e4nns en aning malplacerad:<\/p>\n<blockquote><p>Sverige \u00e4r b\u00e4st p\u00e5 ALLT. Visst sp\u00f6ar vi Danmark.<\/p><\/blockquote>\n<p>Relaterat:<br \/>\n<a href=\"http:\/\/stevelando.blogspot.com\/2009\/06\/i-den-svenska-kulturens-ara.html\">Steve Lando bloggade f\u00f6re matchen.<\/a><\/p>\n<p><a href=\"http:\/\/www.fotbollsexpressen.se\/landslaget\/1.1596938\/sa-ska-sverige-knacka-danskarna\">Svenska startelvan, enligt Expressen<\/a>.<\/p>\n<p><a href=\"http:\/\/www.dn.se\/sport\/fotboll\/sverige-danmark-troliga-startelvor-1.885853\">Troliga startelvor<\/a><br \/>\n<a href=\"http:\/\/www.svd.se\/nyheter\/inrikes\/artikel_3007609.svd\">Svenska Dagbladet<\/a><\/p>\n<p><a href=\"http:\/\/www.aftonbladet.se\/sportbladet\/article5319957.ab\">Aftonbladet minut f\u00f6r minut<\/a><br \/>\n<a href=\"http:\/\/www.svd.se\/sportspel\/nyheter\/artikel_3022405.svd\">SVD Direktrapport<\/a><br \/>\n<a href=\"http:\/\/www.fotbollsexpressen.se\/Nyheter\/1.1597345\/mardrommen-kim-missade-straffen\">Expressen 1<\/a> och <a href=\"http:\/\/www.fotbollsexpressen.se\/landslaget\/1.1597369\/nilssons-jattetabbe-danmarks-lycka\">Expressen 2.<\/a><br \/>\n<a href=\"http:\/\/www.dn.se\/sport\/fotboll\/kallstrom-missade-straff-1.886012\">DN: K\u00e4llstr\u00f6m  missade straff<\/a><\/p>\n<p><img loading=\"lazy\" decoding=\"async\" src=\"http:\/\/sodergren.com\/kulturbloggen\/wp-content\/uploads\/2009\/06\/danmarksfotboll600.jpg\" alt=\"danmarksfotboll600\" title=\"danmarksfotboll600\" width=\"600\" height=\"200\" class=\"aligncenter size-full wp-image-10235\" \/><\/p>\n<p>Andra bloggar om: <a href=\"http:\/\/bloggar.se\/om\/fotboll\" rel=\"tag\">fotboll<\/a>, <a href=\"http:\/\/bloggar.se\/om\/sport\" rel=\"tag\">sport<\/a>, <a href=\"http:\/\/bloggar.se\/om\/VM-kval\" rel=\"tag\">VM-kval<\/a>, <a href=\"http:\/\/bloggar.se\/om\/Danmark\" rel=\"tag\">Danmark<\/a>, <a href=\"http:\/\/bloggar.se\/om\/Zlatan\" rel=\"tag\">Zlatan<\/a>, <a href=\"http:\/\/bloggar.se\/om\/Stockholm\" rel=\"tag\">Stockholm<\/a>, <a href=\"http:\/\/bloggar.se\/om\/nationaldagen\" rel=\"tag\">nationaldagen<\/a><\/p>\n","protected":false},"excerpt":{"rendered":"<p>De k\u00e4ndes lite oroligt f\u00f6re matchen. Danskarna m\u00e5ste ju vara hur laddade som helst. Utg\u00e5ngspunkten: Danmark l\u00e5g ett i kvalgruppen till VM. F\u00f6r svensk del var det i stort sett vinna eller f\u00f6rsvinna. Och p\u00e5 svenska nationaldagen och allt. Vi \u00e4r inget bra p\u00e5 att fira det. L\u00e5t oss l\u00e4gga ner den. Vi \u00e4r \u00e4nd\u00e5 [&hellip;]<\/p>\n","protected":false},"author":2,"featured_media":0,"comment_status":"open","ping_status":"open","sticky":false,"template":"","format":"standard","meta":{"_genesis_hide_title":false,"_genesis_hide_breadcrumbs":false,"_genesis_hide_singular_image":false,"_genesis_hide_footer_widgets":false,"_genesis_custom_body_class":"","_genesis_custom_post_class":"","_genesis_layout":"","footnotes":""},"categories":[20],"tags":[1125,12292,27,6276],"class_list":{"0":"post-10213","1":"post","2":"type-post","3":"status-publish","4":"format-standard","6":"category-film","7":"tag-danmark","8":"tag-fotboll-sport-nyheter","9":"tag-sport","10":"tag-vm-kval","11":"entry"},"_links":{"self":[{"href":"https:\/\/kulturbloggen.com\/index.php?rest_route=\/wp\/v2\/posts\/10213","targetHints":{"allow":["GET"]}}],"collection":[{"href":"https:\/\/kulturbloggen.com\/index.php?rest_route=\/wp\/v2\/posts"}],"about":[{"href":"https:\/\/kulturbloggen.com\/index.php?rest_route=\/wp\/v2\/types\/post"}],"author":[{"embeddable":true,"href":"https:\/\/kulturbloggen.com\/index.php?rest_route=\/wp\/v2\/users\/2"}],"replies":[{"embeddable":true,"href":"https:\/\/kulturbloggen.com\/index.php?rest_route=%2Fwp%2Fv2%2Fcomments&post=10213"}],"version-history":[{"count":0,"href":"https:\/\/kulturbloggen.com\/index.php?rest_route=\/wp\/v2\/posts\/10213\/revisions"}],"wp:attachment":[{"href":"https:\/\/kulturbloggen.com\/index.php?rest_route=%2Fwp%2Fv2%2Fmedia&parent=10213"}],"wp:term":[{"taxonomy":"category","embeddable":true,"href":"https:\/\/kulturbloggen.com\/index.php?rest_route=%2Fwp%2Fv2%2Fcategories&post=10213"},{"taxonomy":"post_tag","embeddable":true,"href":"https:\/\/kulturbloggen.com\/index.php?rest_route=%2Fwp%2Fv2%2Ftags&post=10213"}],"curies":[{"name":"wp","href":"https:\/\/api.w.org\/{rel}","templated":true}]}}