{"id":102064,"date":"2016-05-20T10:14:34","date_gmt":"2016-05-20T09:14:34","guid":{"rendered":"http:\/\/kulturbloggen.com\/?p=102064"},"modified":"2016-05-20T10:14:34","modified_gmt":"2016-05-20T09:14:34","slug":"paul-simon-till-goteborg-och-stockholm-i-host","status":"publish","type":"post","link":"https:\/\/kulturbloggen.com\/?p=102064","title":{"rendered":"Paul Simon till G\u00f6teborg och Stockholm i h\u00f6st"},"content":{"rendered":"<p><a href=\"http:\/\/kulturbloggen.com\/wp-content\/uploads\/2016\/05\/paulsimon2016.jpg\"><img loading=\"lazy\" decoding=\"async\" src=\"http:\/\/kulturbloggen.com\/wp-content\/uploads\/2016\/05\/paulsimon2016-276x300.jpg\" alt=\"paulsimon2016\" width=\"276\" height=\"300\" class=\"aligncenter size-medium wp-image-102065\" srcset=\"https:\/\/kulturbloggen.com\/wp-content\/uploads\/2016\/05\/paulsimon2016-276x300.jpg 276w, https:\/\/kulturbloggen.com\/wp-content\/uploads\/2016\/05\/paulsimon2016.jpg 600w\" sizes=\"auto, (max-width: 276px) 100vw, 276px\" \/><\/a><\/p>\n<p>Paul Simon kommer till Sverige i h\u00f6st f\u00f6r tv\u00e5 konserter i Stockholm och en konsert i G\u00f6teborg. Han \u00e4r aktuell med nya albumet \u201dStranger to Stranger\u201d som sl\u00e4pps om ett par veckor. Den 22 oktober st\u00e4ller han sig p\u00e5 Scandinaviums scen i G\u00f6teborg, och den 24 och 25 oktober spelar han p\u00e5 Waterfront i Stockholm.<\/p>\n<p>Ett pressmeddelande ber\u00e4ttar:<br \/>\nPaul Simon kommer bjuda p\u00e5 en tv\u00e5timmars-konsert fylld med klassiska l\u00e5tar fr\u00e5n hans otroliga karri\u00e4r, b\u00e5de som soloartist och som ena halvan av Simon &#038; Garfunkel. Ut\u00f6ver detta kommer publiken ocks\u00e5 f\u00e5 h\u00f6ra utvalda l\u00e5tar fr\u00e5n hans v\u00e4ldigt efterl\u00e4ngtade nya album \u201dStranger to Stranger\u201d som sl\u00e4pps den 3 juni i \u00e5r. <\/p>\n<p>Nya albumet \u2013 som \u00e4r hans trettonde soloalbum \u2013 \u00e4r fyllt med sp\u00e4nnande och fantasifulla verk som p\u00e5 ett smakfullt och nytt s\u00e4tt adderar till hans redan v\u00e4letablerade virtuositet som s\u00e5ngare och l\u00e5tskrivare. Albumet &#8211; som \u00e4r hans f\u00f6rsta sedan hyllade \u201dSo Beautiful or So What\u201d fr\u00e5n 2011 \u2013 b\u00e5de uppfyller och \u00f6vertr\u00e4ffar lyssnarens f\u00f6rv\u00e4ntningar, precis som m\u00e4sterverket \u201dGraceland\u201d gjorde n\u00e4r det sl\u00e4pptes f\u00f6r 30 \u00e5r sedan. Lyssna p\u00e5 albumets f\u00f6rsta singel \u201dWristband\u201d och l\u00e5tarna \u201dCool Papa Bell\u201d och \u201dThe Werewolf\u201d p\u00e5 www.paulsimon.com.<\/p>\n<p><strong>Datum<br \/>\n22.10 &#8211; Scandinavium, G\u00f6teborg<br \/>\n24.10 &#8211; Waterfront, Stockholm<br \/>\n25.10 &#8211; Waterfront, Stockholm<\/strong><\/p>\n","protected":false},"excerpt":{"rendered":"<p>Paul Simon kommer till Sverige i h\u00f6st f\u00f6r tv\u00e5 konserter i Stockholm och en konsert i G\u00f6teborg. Han \u00e4r aktuell med nya albumet \u201dStranger to Stranger\u201d som sl\u00e4pps om ett par veckor. Den 22 oktober st\u00e4ller han sig p\u00e5 Scandinaviums scen i G\u00f6teborg, och den 24 och 25 oktober spelar han p\u00e5 Waterfront i Stockholm. [&hellip;]<\/p>\n","protected":false},"author":13,"featured_media":0,"comment_status":"open","ping_status":"open","sticky":false,"template":"","format":"standard","meta":{"_genesis_hide_title":false,"_genesis_hide_breadcrumbs":false,"_genesis_hide_singular_image":false,"_genesis_hide_footer_widgets":false,"_genesis_custom_body_class":"","_genesis_custom_post_class":"","_genesis_layout":"","footnotes":""},"categories":[7],"tags":[4283],"class_list":{"0":"post-102064","1":"post","2":"type-post","3":"status-publish","4":"format-standard","6":"category-musik","7":"tag-paul-simon","8":"entry"},"_links":{"self":[{"href":"https:\/\/kulturbloggen.com\/index.php?rest_route=\/wp\/v2\/posts\/102064","targetHints":{"allow":["GET"]}}],"collection":[{"href":"https:\/\/kulturbloggen.com\/index.php?rest_route=\/wp\/v2\/posts"}],"about":[{"href":"https:\/\/kulturbloggen.com\/index.php?rest_route=\/wp\/v2\/types\/post"}],"author":[{"embeddable":true,"href":"https:\/\/kulturbloggen.com\/index.php?rest_route=\/wp\/v2\/users\/13"}],"replies":[{"embeddable":true,"href":"https:\/\/kulturbloggen.com\/index.php?rest_route=%2Fwp%2Fv2%2Fcomments&post=102064"}],"version-history":[{"count":1,"href":"https:\/\/kulturbloggen.com\/index.php?rest_route=\/wp\/v2\/posts\/102064\/revisions"}],"predecessor-version":[{"id":102066,"href":"https:\/\/kulturbloggen.com\/index.php?rest_route=\/wp\/v2\/posts\/102064\/revisions\/102066"}],"wp:attachment":[{"href":"https:\/\/kulturbloggen.com\/index.php?rest_route=%2Fwp%2Fv2%2Fmedia&parent=102064"}],"wp:term":[{"taxonomy":"category","embeddable":true,"href":"https:\/\/kulturbloggen.com\/index.php?rest_route=%2Fwp%2Fv2%2Fcategories&post=102064"},{"taxonomy":"post_tag","embeddable":true,"href":"https:\/\/kulturbloggen.com\/index.php?rest_route=%2Fwp%2Fv2%2Ftags&post=102064"}],"curies":[{"name":"wp","href":"https:\/\/api.w.org\/{rel}","templated":true}]}}