{"id":10203,"date":"2009-06-06T11:11:33","date_gmt":"2009-06-06T09:11:33","guid":{"rendered":"http:\/\/kulturbloggen.com\/?p=10203"},"modified":"2009-06-06T11:11:33","modified_gmt":"2009-06-06T09:11:33","slug":"skumma-eu-val-test-i-dn-och-aftonbladet","status":"publish","type":"post","link":"https:\/\/kulturbloggen.com\/?p=10203","title":{"rendered":"Skumma EU-val-test i DN och Aftonbladet"},"content":{"rendered":"<p><img loading=\"lazy\" decoding=\"async\" src=\"http:\/\/sodergren.com\/kulturbloggen\/wp-content\/uploads\/2009\/06\/euvalstest290.jpg\" alt=\"euvalstest290\" title=\"euvalstest290\" width=\"290\" height=\"200\" class=\"aligncenter size-full wp-image-10205\" \/><br \/>\n\u00c4ven om jag redan r\u00f6stat i EU-valet roade jag mig med att g\u00f6ra de tester man kan g\u00f6ra <a href=\"http:\/\/www.dn.se\/fordjupning\/europa2009\/vad-ska-du-rosta-pa-i-eu-valet-1.869858\">i DN<\/a> och i <a href=\"http:\/\/www.aftonbladet.se\/nyheter\/euvalet\/article5322221.ab\">Aftonbladet<\/a> om vilket parti man st\u00e5r n\u00e4rmast i valet till Europaparlamentet.<br \/>\nHur det \u00e4n \u00e4r, s\u00e5 blir s\u00e5dana d\u00e4r test r\u00e4tt fyrkantiga.<br \/>\nSom startfr\u00e5gan i AB: <em> Skatterna b\u00f6r h\u00f6jas om det kr\u00e4vs f\u00f6r att uppr\u00e4tth\u00e5lla den sociala v\u00e4lf\u00e4rden<\/em>.<br \/>\n<!--more--><br \/>\nOm det kr\u00e4vs &#8230;<br \/>\nJag tror att egentligen vilket parti som helst skulle s\u00e4ga ja om det kr\u00e4vs. Men fr\u00e5gan \u00e4r om man tror att h\u00f6ja skatterna \u00e4r enda s\u00e4ttet att f\u00e5 bra ekonomi.<br \/>\nJag har i m\u00e5nga \u00e5r arbetat inom en organisation som lever p\u00e5 medlemmars pengar och sett villka l\u00f6ner och vilket sl\u00f6seri det kan vara d\u00e4r. Det har gett mig en l\u00e4rdom: mer int\u00e4kter betyder inte automatiskt att det blir b\u00e4ttre f\u00f6r medlemmarna. H\u00f6gre skatter kan inneb\u00e4ra mer sl\u00f6seri inom myndigheter.<br \/>\nMen jag vill absolut att den sociala v\u00e4lf\u00e4rden ska uppr\u00e4tth\u00e5llas och dessutom vidareutvecklas, f\u00f6rb\u00e4ttras, bli b\u00e4ttre.<\/p>\n<p>P\u00e5 samma s\u00e4tt finns det flera djup i m\u00e5nga fr\u00e5gor i testerna och det \u00e4r om\u00f6jligt att svara hur man t\u00e4nker.<\/p>\n<p>Det \u00e4r m\u00e5nga som gjort testen, tror jag. Just nu har 150 bloggar kommenterat testet i DN.<\/p>\n<p>N\u00e5, vad blev d\u00e5 resultatet f\u00f6r mig?<br \/>\nI DN:s test stod jag n\u00e4rmast Piratpartiet och d\u00e4refter kom Moderaterna och som trea ett parti jag aldrig n\u00e5gonsin kan t\u00e4nka mig att ge min r\u00f6st: Centerpartiet.<\/p>\n<p>I Aftonbladets test var det ett enda parti som hamnade inom min sf\u00e4r, och det \u00e4r ocks\u00e5 ett parti jag aldrig ens reflekterat att r\u00f6sta p\u00e5: Junilistan.<br \/>\nAtt r\u00f6sta p\u00e5 ett parti som \u00e4r emot EU till Europaparlamentet \u00e4r liksom felt\u00e4nkt. Att lobba f\u00f6r att g\u00e5 ur EU g\u00f6rs mycket mer effektivt i svenska riksdagen i s\u00e5 fall, det \u00e4r d\u00e4r beslut om EU-medlemskap tas.<br \/>\nJunilistan har ju varit utr\u00e4knat, men nu tyder en del p\u00e5 att partiet kanske inte \u00e4r helt utan chans. <a href=\"http:\/\/www.dn.se\/fordjupning\/europa2009\/nara-gransen-for-junilistan-1.885840\">Dagens Nyheter<\/a>:<\/p>\n<blockquote><p>Junilistan har varit mycket l\u00e5gt i de flesta m\u00e4tningar under valr\u00f6relsen och partiet har sett ut att f\u00f6rlora samtliga tre mandat. Men i den h\u00e4r m\u00e4tningen som \u00e4r gjord under sista veckan av valr\u00f6relsen f\u00e5r partiet nu 3,8 procent. I m\u00e4tningen f\u00f6rra veckan l\u00e5g JL p\u00e5 2,2 procent. Det \u00e4r en gr\u00e4ns p\u00e5 4 procent i EU-valen i Sverige f\u00f6r att ett partis r\u00f6ster ska f\u00e5 vara med i f\u00f6rdelningen av parlamentsmandaten. I EU-valet 2004 fick partiet 14,5 procent.<\/p><\/blockquote>\n<p>En sak som f\u00f6rv\u00e5nar mig \u00e4r att Benny Andersson fr\u00e5n ABBA sk\u00e4nk en miljon \u00e5t Gudrun Schymans kampanj f\u00f6r FI, Feministiskt Initiativ.<\/p>\n<blockquote><p>Det var i programmet \u201dNordegren i P1\u201d som Gudrun Schyman i veckan ber\u00e4ttade om sitt partis problem med valsedlarna.<\/p>\n<p>Lyssnade gjorde Benny Andersson \u2013 som beslutade sig att g\u00f6ra n\u00e5got \u00e5t problemet. Helt sonika ringde han upp Schyman och meddelade att ha bekostar en annonskampanj i syfte att informera v\u00e4ljarna hur de ska g\u00e5 till v\u00e4ga f\u00f6r att r\u00f6sta p\u00e5 FI d\u00e5 valsedlar saknas. (<a href=\"http:\/\/www.dn.se\/fordjupning\/europa2009\/abba-benny-den-hemliga-givaren-1.885732\">K\u00e4lla DN<\/a>)<\/p><\/blockquote>\n<p>Jag har mycket sv\u00e5rt att t\u00e4nka mig att det r\u00e4cker. Gudrun Schyman har haft lyskraft inom politiken f\u00f6rr och lockat v\u00e4ljare n\u00e4r hon var partiledare f\u00f6r V\u00e4nsterpartiet. Men jag tror den lyskraften mattats av nu. Fast \u00e5 andra sidan: <em>Trots att det \u00e4r EU-val p\u00e5 s\u00f6ndag vet en av fyra v\u00e4ljare fortfarande inte om eller n\u00e4r det \u00e4r val. Det visar en m\u00e4tning av Synovate. Valet \u00e4r mest ok\u00e4nt bland de unga<\/em>.  (<a href=\"http:\/\/www.dn.se\/fordjupning\/europa2009\/var-fjarde-valjare-vet-inte-nar-valet-ar-1.885745\">citerat fr\u00e5n DN<\/a>).<\/p>\n<p>Den som hittar en formel eller metod att hitta denna fj\u00e4rdedel och f\u00e5 dem att r\u00f6sta p\u00e5 sitt alternativ: den vinner.<\/p>\n<p><a href=\"http:\/\/www.lowdin.com\/?p=855\">Min tidigare kollega p\u00e5 Arvid Falk bloggar om hur han r\u00f6star<\/a>:<\/p>\n<blockquote><p>Vilket Europa vill vi d\u00e5 ha? Ja, det \u00e4r det som \u00e4r fr\u00e5gan i morgondagens val. F\u00f6r min egen del ser jag tv\u00e5 omr\u00e5den viktigare \u00e4n andra. Arbetsmarknadsfr\u00e5gorna och milj\u00f6fr\u00e5gorna \u00e4r fr\u00e5gor d\u00e4r Europa m\u00e5ste lyckas f\u00f6r att forts\u00e4tt ha legitimitet i mina \u00f6gon.<\/p>\n<p>Det \u00e4r betydande skillnader mellan h\u00f6ger och v\u00e4nster i dessa fr\u00e5gor. Och det tycker jag ocks\u00e5 har synliggjorts i valr\u00f6relsen. Svenska Naturskyddsf\u00f6reningen rankar Moderaternas kandidater till Europaparlamentet l\u00e4gst. Sex EU-parlamentariker, d\u00e4ribland Gunnar H\u00f6kmark (M) har ofta r\u00f6stat till nackdel f\u00f6r milj\u00f6n.<br \/>\n&#8230;<br \/>\nJag tycker att den p\u00e5g\u00e5ende valr\u00f6relsen verkligen har visat att Socialdemokraterna vill vara med i EU och p\u00e5verka v\u00e5r dagliga verklighet till det b\u00e4ttre. Det finns mycket att g\u00f6ra f\u00f6r att inte skapa mots\u00e4ttningar mellan m\u00e4nniskor och f\u00f6r att ge Europa och v\u00e4rlden hopp om den framtida milj\u00f6n och klimatet.<\/p><\/blockquote>\n<p>Relaterat:<\/p>\n<p>Eva-Lena Jansson &#8211; <a href=\"http:\/\/evalenajansson.blogspot.com\/2009\/05\/hokmarks-littorins-politik-hotar-den.html\" target=\"_blank\">H\u00f6kmarks &amp; Littorins politik hotar den svenska kollektivavtalsmodellen<\/a>.<br \/>\nChrister W\u00e4livaara &#8211; <a href=\"http:\/\/www.s-info.se\/page\/blogg.asp?id=1786&amp;blogg=33239\" target=\"_blank\">Sluta ljug, herr H\u00f6kmark!<\/a>.<br \/>\nAndreas Sj\u00f6lander &#8211; <a href=\"http:\/\/www.andreassjolander.com\/?p=828\" target=\"_blank\">Svar till Hyrlett.nu<\/a>.&#8217;<br \/>\n<a href=\"http:\/\/www.expressen.se\/Nyheter\/eu-valet2009\/1.1596752\/en-av-fyra-vet-inte-vad-som-hander-i-morgon#\">En av fyra vet inte vad som h\u00e4nder i morgon<\/a><br \/>\n<a href=\"http:\/\/www.expressen.se\/Nyheter\/eu-valet2009\/1.1596637\/benny-andersson-jag-sympatiserar-med-hennes-kamp#\">Benny Andersson: Jag sympatiserar med hennes kamp<\/a><br \/>\n<a href=\"http:\/\/www.expressen.se\/Nyheter\/eu-valet2009\/1.1596632\/moderaterna-det-ar-ren-logn#\">Moderaterna: Det \u00e4r ren l\u00f6gn<\/a><br \/>\n<a href=\"http:\/\/www.svd.se\/opinion\/ledarsidan\/artikel_3019527.svd\">EU-valet fr\u00e5n den ljusa sida<\/a><br \/>\n<a href=\"http:\/\/www.svd.se\/nyheter\/inrikes\/artikel_3019307.svd\">Abba-Benny sponsrar Schyman<\/a><\/p>\n<p><img loading=\"lazy\" decoding=\"async\" src=\"http:\/\/sodergren.com\/kulturbloggen\/wp-content\/uploads\/2009\/06\/euvalstest600.jpg\" alt=\"euvalstest600\" title=\"euvalstest600\" width=\"600\" height=\"200\" class=\"aligncenter size-full wp-image-10206\" \/><\/p>\n<p>Andra bloggar om: <a href=\"http:\/\/bloggar.se\/om\/eu-valet\" rel=\"tag\">eu-valet<\/a>, <a href=\"http:\/\/bloggar.se\/om\/samh%E4lle\" rel=\"tag\">samh\u00e4lle<\/a>, <a href=\"http:\/\/bloggar.se\/om\/politik\" rel=\"tag\">politik<\/a>, <a href=\"http:\/\/bloggar.se\/om\/val\" rel=\"tag\">val<\/a>, <a href=\"http:\/\/bloggar.se\/om\/EU\" rel=\"tag\">EU<\/a>, <a href=\"http:\/\/bloggar.se\/om\/Piratpartiet\" rel=\"tag\">Piratpartiet<\/a>, <a href=\"http:\/\/bloggar.se\/om\/Junilistan\" rel=\"tag\">Junilistan<\/a>, <a href=\"http:\/\/bloggar.se\/om\/Socialdemokraterna\" rel=\"tag\">Socialdemokraterna<\/a>, <a href=\"http:\/\/bloggar.se\/om\/eu-val\" rel=\"tag\">eu-val<\/a><\/p>\n","protected":false},"excerpt":{"rendered":"<p>\u00c4ven om jag redan r\u00f6stat i EU-valet roade jag mig med att g\u00f6ra de tester man kan g\u00f6ra i DN och i Aftonbladet om vilket parti man st\u00e5r n\u00e4rmast i valet till Europaparlamentet. Hur det \u00e4n \u00e4r, s\u00e5 blir s\u00e5dana d\u00e4r test r\u00e4tt fyrkantiga. Som startfr\u00e5gan i AB: Skatterna b\u00f6r h\u00f6jas om det kr\u00e4vs f\u00f6r [&hellip;]<\/p>\n","protected":false},"author":2,"featured_media":0,"comment_status":"open","ping_status":"open","sticky":false,"template":"","format":"standard","meta":{"_genesis_hide_title":false,"_genesis_hide_breadcrumbs":false,"_genesis_hide_singular_image":false,"_genesis_hide_footer_widgets":false,"_genesis_custom_body_class":"","_genesis_custom_post_class":"","_genesis_layout":"","footnotes":""},"categories":[20],"tags":[1581,1584,12284,4917,6161],"class_list":{"0":"post-10203","1":"post","2":"type-post","3":"status-publish","4":"format-standard","6":"category-film","7":"tag-eu","8":"tag-eu-valet","9":"tag-politik","10":"tag-samhalle","11":"tag-val","12":"entry"},"_links":{"self":[{"href":"https:\/\/kulturbloggen.com\/index.php?rest_route=\/wp\/v2\/posts\/10203","targetHints":{"allow":["GET"]}}],"collection":[{"href":"https:\/\/kulturbloggen.com\/index.php?rest_route=\/wp\/v2\/posts"}],"about":[{"href":"https:\/\/kulturbloggen.com\/index.php?rest_route=\/wp\/v2\/types\/post"}],"author":[{"embeddable":true,"href":"https:\/\/kulturbloggen.com\/index.php?rest_route=\/wp\/v2\/users\/2"}],"replies":[{"embeddable":true,"href":"https:\/\/kulturbloggen.com\/index.php?rest_route=%2Fwp%2Fv2%2Fcomments&post=10203"}],"version-history":[{"count":0,"href":"https:\/\/kulturbloggen.com\/index.php?rest_route=\/wp\/v2\/posts\/10203\/revisions"}],"wp:attachment":[{"href":"https:\/\/kulturbloggen.com\/index.php?rest_route=%2Fwp%2Fv2%2Fmedia&parent=10203"}],"wp:term":[{"taxonomy":"category","embeddable":true,"href":"https:\/\/kulturbloggen.com\/index.php?rest_route=%2Fwp%2Fv2%2Fcategories&post=10203"},{"taxonomy":"post_tag","embeddable":true,"href":"https:\/\/kulturbloggen.com\/index.php?rest_route=%2Fwp%2Fv2%2Ftags&post=10203"}],"curies":[{"name":"wp","href":"https:\/\/api.w.org\/{rel}","templated":true}]}}