{"id":10198,"date":"2009-06-05T22:15:10","date_gmt":"2009-06-05T20:15:10","guid":{"rendered":"http:\/\/kulturbloggen.com\/?p=10198"},"modified":"2009-06-05T22:15:10","modified_gmt":"2009-06-05T20:15:10","slug":"obama-victory-speech-project","status":"publish","type":"post","link":"https:\/\/kulturbloggen.com\/?p=10198","title":{"rendered":"Obama Victory Speech Project"},"content":{"rendered":"<p>I eftermiddag hade <a href=\"http:\/\/kulturbloggen.com\/?p=10180\"><strong>Obama Victory Speech Project<\/strong><\/a> premi\u00e4r. Pressen bj\u00f6ds in till en informationsstund. Obama Victory Speech Project belyser Obamas retoriska f\u00f6rm\u00e5ga och den historiska karakt\u00e4r som hans tal har.<br \/>\n<!--more--><\/p>\n<p><a title=\"Kulturbloggen\" href=\"http:\/\/kulturbloggen.com\/?p=10180\">L\u00e4s Rosemaris inl\u00e4gg om projektet<\/a>. Du kan ocks\u00e5 l\u00e4sa mer p\u00e5 <a title=\"Bergmanfestivalen\" href=\"http:\/\/www.bergmanfestival.com\/Bergmanfestivalen\/Program\/Samlat-moten-och-workshops\/Obama-Victory-Speech-Project\/\">Bergmanfestivalens webbplats<\/a>.<\/p>\n<p>Obama Victory Speech Project \u00e4r resultatet av ett internationellt teatersamarbete. De ing\u00e5ende teatergrupperna \u00e4r:<\/p>\n<p>Det Kongelige Teater, K\u00f6penhamn: Das Beckwerk (regiss\u00f6r), Olaf Johannessen (sk\u00e5despelare)<\/p>\n<p>Deutsches Theater, Berlin: Sabine Auf der Heyde (regiss\u00f6r), Meike Droste (sk\u00e5despelare)<\/p>\n<p>D\u00fcsseldorfer Schauspielhaus, D\u00fcsseldorf: Stephan Rottkamp (regiss\u00f6r), Christiane Ro\u00dfbach (sk\u00e5despelare) och Winfried K\u00fcppers (sk\u00e5despelare)<\/p>\n<p>National Theatre, London: Charlotte Westenra (regiss\u00f6r), Sacha Dhawan (sk\u00e5despelare)<\/p>\n<p>Narodowy Stary Teatr, Krakow: Ewelina Marciniak (regiss\u00f6r), Marta Ojrzynska (sk\u00e5despelare)<\/p>\n<p>Thalia Theater, Hamburg: Max Claessen (regiss\u00f6r), Asad Schwarz-Msesilamba (sk\u00e5despelare)<\/p>\n<p>Teatro Nacional, Santiago de Chile: Ra\u00fal Osorio (regiss\u00f6r), Nicol\u00e1s Z\u00e1rate (sk\u00e5despelare)<\/p>\n<p>Habima, Tel Aviv: Hanan Snir (regiss\u00f6r), Yigal Sadeh (sk\u00e5despelare)<\/p>\n<p>Dramaten, Stockholm: Staffan Roos (regiss\u00f6r), Tanja Lorentzon (sk\u00e5despelare)<\/p>\n<p>Under tv\u00e5 dagar har representanter fr\u00e5n de olika teaterhusen, i workshopform, diskuterat och arbetat med Obamas tal.<\/p>\n<p>Andra bloggar om: <a rel=\"tag\" href=\"http:\/\/bloggar.se\/om\/teater\">teater<\/a>, <a rel=\"tag\" href=\"http:\/\/bloggar.se\/om\/Bergmanfestivalen\">Bergmanfestivalen<\/a>, <a rel=\"tag\" href=\"http:\/\/bloggar.se\/om\/scen\">scen<\/a>, <a rel=\"tag\" href=\"http:\/\/bloggar.se\/om\/scenkonst\">scenkonst<\/a>, <a rel=\"tag\" href=\"http:\/\/bloggar.se\/om\/tal\">tal<\/a>, <a rel=\"tag\" href=\"http:\/\/bloggar.se\/om\/retorik\">retorik<\/a>, <a rel=\"tag\" href=\"http:\/\/bloggar.se\/om\/Obama\">Obama<\/a>, <a rel=\"tag\" href=\"http:\/\/bloggar.se\/om\/festival\">festival<\/a><\/p>\n","protected":false},"excerpt":{"rendered":"<p>I eftermiddag hade Obama Victory Speech Project premi\u00e4r. Pressen bj\u00f6ds in till en informationsstund. Obama Victory Speech Project belyser Obamas retoriska f\u00f6rm\u00e5ga och den historiska karakt\u00e4r som hans tal har.<\/p>\n","protected":false},"author":13,"featured_media":0,"comment_status":"open","ping_status":"open","sticky":false,"template":"","format":"standard","meta":{"_genesis_hide_title":false,"_genesis_hide_breadcrumbs":false,"_genesis_hide_singular_image":false,"_genesis_hide_footer_widgets":false,"_genesis_custom_body_class":"","_genesis_custom_post_class":"","_genesis_layout":"","footnotes":""},"categories":[30],"tags":[596,1693,4100,4728,12286,4955,5622,12288],"class_list":{"0":"post-10198","1":"post","2":"type-post","3":"status-publish","4":"format-standard","6":"category-teater","7":"tag-bergmanfestivalen","8":"tag-festival","9":"tag-obama","10":"tag-retorik","11":"tag-film","12":"tag-scenkonst","13":"tag-tal","14":"tag-teater","15":"entry"},"_links":{"self":[{"href":"https:\/\/kulturbloggen.com\/index.php?rest_route=\/wp\/v2\/posts\/10198","targetHints":{"allow":["GET"]}}],"collection":[{"href":"https:\/\/kulturbloggen.com\/index.php?rest_route=\/wp\/v2\/posts"}],"about":[{"href":"https:\/\/kulturbloggen.com\/index.php?rest_route=\/wp\/v2\/types\/post"}],"author":[{"embeddable":true,"href":"https:\/\/kulturbloggen.com\/index.php?rest_route=\/wp\/v2\/users\/13"}],"replies":[{"embeddable":true,"href":"https:\/\/kulturbloggen.com\/index.php?rest_route=%2Fwp%2Fv2%2Fcomments&post=10198"}],"version-history":[{"count":0,"href":"https:\/\/kulturbloggen.com\/index.php?rest_route=\/wp\/v2\/posts\/10198\/revisions"}],"wp:attachment":[{"href":"https:\/\/kulturbloggen.com\/index.php?rest_route=%2Fwp%2Fv2%2Fmedia&parent=10198"}],"wp:term":[{"taxonomy":"category","embeddable":true,"href":"https:\/\/kulturbloggen.com\/index.php?rest_route=%2Fwp%2Fv2%2Fcategories&post=10198"},{"taxonomy":"post_tag","embeddable":true,"href":"https:\/\/kulturbloggen.com\/index.php?rest_route=%2Fwp%2Fv2%2Ftags&post=10198"}],"curies":[{"name":"wp","href":"https:\/\/api.w.org\/{rel}","templated":true}]}}