{"id":101905,"date":"2016-05-11T09:36:40","date_gmt":"2016-05-11T08:36:40","guid":{"rendered":"http:\/\/kulturbloggen.com\/?p=101905"},"modified":"2016-05-11T09:36:40","modified_gmt":"2016-05-11T08:36:40","slug":"varldens-forsta-vegetariska-max-oppnar-pa-way-out-west","status":"publish","type":"post","link":"https:\/\/kulturbloggen.com\/?p=101905","title":{"rendered":"V\u00e4rldens f\u00f6rsta vegetariska Max \u00f6ppnar p\u00e5 Way Out West"},"content":{"rendered":"<p><a href=\"http:\/\/kulturbloggen.com\/wp-content\/uploads\/2016\/05\/wow_max_vego.jpg\"><img loading=\"lazy\" decoding=\"async\" src=\"http:\/\/kulturbloggen.com\/wp-content\/uploads\/2016\/05\/wow_max_vego-300x157.jpg\" alt=\"wow_max_vego\" width=\"300\" height=\"157\" class=\"aligncenter size-medium wp-image-101906\" srcset=\"https:\/\/kulturbloggen.com\/wp-content\/uploads\/2016\/05\/wow_max_vego-300x157.jpg 300w, https:\/\/kulturbloggen.com\/wp-content\/uploads\/2016\/05\/wow_max_vego-768x401.jpg 768w, https:\/\/kulturbloggen.com\/wp-content\/uploads\/2016\/05\/wow_max_vego-1024x535.jpg 1024w, https:\/\/kulturbloggen.com\/wp-content\/uploads\/2016\/05\/wow_max_vego.jpg 1200w\" sizes=\"auto, (max-width: 300px) 100vw, 300px\" \/><\/a><\/p>\n<p>Max har med sitt f\u00f6red\u00f6mliga h\u00e5llbarhetst\u00e4nk och ytterst v\u00e4lsmakande vegetariska utbud revolutionerat och f\u00f6r\u00e4ndrat bilden av hur en hamburgerkedja kan se ut anno 2016. Med en delad v\u00e4rdegrund kring klimatfr\u00e5gor \u00e4r vi stolta \u00f6ver att Max nu presenterar sin f\u00f6rsta helt vegetariska restaurang och g\u00f6r detta p\u00e5 Way Out West, skriver festivalarrang\u00f6rerna f\u00f6r G\u00f6teborgsfestivalen Way Out West i ett pressmeddelande.<\/p>\n<p>Way Out West utm\u00e4rker sig och g\u00e5r i f\u00f6rgrunden f\u00f6r s\u00e5v\u00e4l klimat-, milj\u00f6- och de vegetariska fr\u00e5gorna.<\/p>\n<p>Pressmeddelandet:<br \/>\nWay Out West har fr\u00e5n dag ett haft h\u00e5llbarheten som en grundpelare. Ett arbete vi under de tio \u00e5r som varit fortsatt att prioritera och utveckla. Inf\u00f6r 2012 f\u00f6rde vi diskussioner om hur vi ytterligare kunde minska v\u00e5r klimatp\u00e5verkan och svaret som skulle g\u00f6ra skillnad var att bli helt vegetariska. K\u00f6ttindustrin \u00e4r en av v\u00e5r tids st\u00f6rsta klimatutmaningar. <\/p>\n<p>Max ambition \u00e4r att vara b\u00e4st i sin bransch p\u00e5 h\u00e5llbarhet och tidigare i \u00e5r femdubblade Max utbudet av vegetariska alternativ vilket \u00e4r ett initiativ vi appl\u00e5derar. Givetvis blir vi stolta n\u00e4r den svenska hamburgerkedjan nu tar n\u00e4sta steg i omst\u00e4llningen mot en mer klimatsmart meny och \u00f6ppnar en helt vegetarisk restaurang p\u00e5 v\u00e5r festival.<\/p>\n<p>Way Out Wests kanske st\u00f6rsta kraft i h\u00e5llbarhetsperspektivet \u00e4r m\u00f6jligheten att anv\u00e4nda v\u00e5rt forum till att skapa debatt och ifr\u00e5gas\u00e4tta normen om att k\u00f6tt \u00e4r det normala och vegetariskt det onormala. De val som Max har gjort och forts\u00e4tter att g\u00f6ra i sin verksamhet \u00e4r ett sjukt stark bidrag till en f\u00f6r\u00e4ndring p\u00e5 ett \u00e4nnu bredare plan. <\/p>\n<p>Vi s\u00e4ger inte att alla m\u00e5ste sluta \u00e4ta k\u00f6tt, men om det inte ska g\u00e5 fullst\u00e4ndigt \u00e5t helvete beh\u00f6ver vi alla lyfta blicken och i h\u00f6gre utstr\u00e4ckning v\u00e4lja vegetarisk kost. Om du som l\u00e4ser detta tycker att det \u00e4r en fr\u00e4mmande tanke \u00e4r du hj\u00e4rtligt v\u00e4lkommen till Way Out West i G\u00f6teborg den 11-13 augusti d\u00e4r vi, tillsammans med bland annat Max, lovar att erbjuda ett vegetariskt utbud som inte bara m\u00e4ttar utan ocks\u00e5 smakar fantastiskt. Ingen kan g\u00f6ra allt, men tillsammans kan vi verkligen g\u00f6ra skillnad.<\/p>\n","protected":false},"excerpt":{"rendered":"<p>Max har med sitt f\u00f6red\u00f6mliga h\u00e5llbarhetst\u00e4nk och ytterst v\u00e4lsmakande vegetariska utbud revolutionerat och f\u00f6r\u00e4ndrat bilden av hur en hamburgerkedja kan se ut anno 2016. Med en delad v\u00e4rdegrund kring klimatfr\u00e5gor \u00e4r vi stolta \u00f6ver att Max nu presenterar sin f\u00f6rsta helt vegetariska restaurang och g\u00f6r detta p\u00e5 Way Out West, skriver festivalarrang\u00f6rerna f\u00f6r G\u00f6teborgsfestivalen Way [&hellip;]<\/p>\n","protected":false},"author":13,"featured_media":0,"comment_status":"open","ping_status":"open","sticky":false,"template":"","format":"standard","meta":{"_genesis_hide_title":false,"_genesis_hide_breadcrumbs":false,"_genesis_hide_singular_image":false,"_genesis_hide_footer_widgets":false,"_genesis_custom_body_class":"","_genesis_custom_post_class":"","_genesis_layout":"","footnotes":""},"categories":[62],"tags":[12842,6202,12843,6353],"class_list":{"0":"post-101905","1":"post","2":"type-post","3":"status-publish","4":"format-standard","6":"category-medie-och-kulturpolitik","7":"tag-max","8":"tag-vegetariskt","9":"tag-vegoburgare","10":"tag-way-out-west","11":"entry"},"_links":{"self":[{"href":"https:\/\/kulturbloggen.com\/index.php?rest_route=\/wp\/v2\/posts\/101905","targetHints":{"allow":["GET"]}}],"collection":[{"href":"https:\/\/kulturbloggen.com\/index.php?rest_route=\/wp\/v2\/posts"}],"about":[{"href":"https:\/\/kulturbloggen.com\/index.php?rest_route=\/wp\/v2\/types\/post"}],"author":[{"embeddable":true,"href":"https:\/\/kulturbloggen.com\/index.php?rest_route=\/wp\/v2\/users\/13"}],"replies":[{"embeddable":true,"href":"https:\/\/kulturbloggen.com\/index.php?rest_route=%2Fwp%2Fv2%2Fcomments&post=101905"}],"version-history":[{"count":1,"href":"https:\/\/kulturbloggen.com\/index.php?rest_route=\/wp\/v2\/posts\/101905\/revisions"}],"predecessor-version":[{"id":101908,"href":"https:\/\/kulturbloggen.com\/index.php?rest_route=\/wp\/v2\/posts\/101905\/revisions\/101908"}],"wp:attachment":[{"href":"https:\/\/kulturbloggen.com\/index.php?rest_route=%2Fwp%2Fv2%2Fmedia&parent=101905"}],"wp:term":[{"taxonomy":"category","embeddable":true,"href":"https:\/\/kulturbloggen.com\/index.php?rest_route=%2Fwp%2Fv2%2Fcategories&post=101905"},{"taxonomy":"post_tag","embeddable":true,"href":"https:\/\/kulturbloggen.com\/index.php?rest_route=%2Fwp%2Fv2%2Ftags&post=101905"}],"curies":[{"name":"wp","href":"https:\/\/api.w.org\/{rel}","templated":true}]}}