{"id":101806,"date":"2016-05-07T16:21:08","date_gmt":"2016-05-07T15:21:08","guid":{"rendered":"http:\/\/kulturbloggen.com\/?p=101806"},"modified":"2016-05-07T16:21:41","modified_gmt":"2016-05-07T15:21:41","slug":"helan-och-halvan-intar-teater-giljotin","status":"publish","type":"post","link":"https:\/\/kulturbloggen.com\/?p=101806","title":{"rendered":"Helan och Halvan intar Teater Giljotin"},"content":{"rendered":"<p><a href=\"http:\/\/kulturbloggen.com\/wp-content\/uploads\/2016\/05\/helanochhalvan.jpg\"><img loading=\"lazy\" decoding=\"async\" src=\"http:\/\/kulturbloggen.com\/wp-content\/uploads\/2016\/05\/helanochhalvan-300x206.jpg\" alt=\"helanochhalvan\" width=\"300\" height=\"206\" class=\"aligncenter size-medium wp-image-101808\" srcset=\"https:\/\/kulturbloggen.com\/wp-content\/uploads\/2016\/05\/helanochhalvan-300x206.jpg 300w, https:\/\/kulturbloggen.com\/wp-content\/uploads\/2016\/05\/helanochhalvan-768x527.jpg 768w, https:\/\/kulturbloggen.com\/wp-content\/uploads\/2016\/05\/helanochhalvan.jpg 801w\" sizes=\"auto, (max-width: 300px) 100vw, 300px\" \/><\/a><\/p>\n<p>Helan och Halvan intar Teater Giljotin. Det \u00e4r stj\u00e4rnduon Karina Holla och Gunilla R\u00f6\u00f6r som intar scenen och bjuder p\u00e5 b\u00e5de humor och allvar i en h\u00e4rlig mix.<\/p>\n<p>Ett pressmeddelande ber\u00e4ttar:<br \/>\nOm F\u00f6rest\u00e4llningen:<\/p>\n<p>\u201dVi \u00e4r tv\u00e5 bj\u00f6rnar som dansar p\u00e5 en het platta. Vi f\u00f6rs\u00f6ker skaka av oss de m\u00f6rka tankarna. Vi vill tillf\u00f6ra ljus i de m\u00f6rka tiderna. Vi \u00e4r r\u00e4dda att bli osynliga och bortgl\u00f6mda \u2026\u201d<\/p>\n<p>S\u00e5 b\u00f6rjar f\u00f6rest\u00e4llningen d\u00e4r vi m\u00f6ter tv\u00e5 livs luffare i gestalt av Karina Hollas och Gunilla R\u00f6\u00f6rs egna tolkningar av Helan och Halvan\u2026 <\/p>\n<p>Vi f\u00e5r f\u00f6lja dem d\u00e5 de flyr leda och vardaglighet till stunder av fest och fyrverkeri. Tv\u00e5 Beckettska figurer som trotsar livsledan genom att genomleva den. Vissa textfragment f\u00f6rekommer fr\u00e5n Helan och Halvans filmer och n\u00e5gra rader ut Becketts i V\u00e4ntan p\u00e5 Godot.<\/p>\n<p>I mellanrummet mellan Karina Hollas och Gunilla R\u00f6\u00f6rs olika speltekniker uppst\u00e5r en s\u00e4regen v\u00e4nskap \u2013 kanske inte helt olik luffarnas egna.  <\/p>\n<p><strong>Om Karina Holla<\/strong><br \/>\n<a href=\"http:\/\/kulturbloggen.com\/wp-content\/uploads\/2016\/05\/helaochhalvan2.jpg\"><img loading=\"lazy\" decoding=\"async\" src=\"http:\/\/kulturbloggen.com\/wp-content\/uploads\/2016\/05\/helaochhalvan2-300x200.jpg\" alt=\"helaochhalvan2\" width=\"300\" height=\"200\" class=\"alignright size-medium wp-image-101810\" srcset=\"https:\/\/kulturbloggen.com\/wp-content\/uploads\/2016\/05\/helaochhalvan2-300x200.jpg 300w, https:\/\/kulturbloggen.com\/wp-content\/uploads\/2016\/05\/helaochhalvan2-768x512.jpg 768w, https:\/\/kulturbloggen.com\/wp-content\/uploads\/2016\/05\/helaochhalvan2.jpg 800w\" sizes=\"auto, (max-width: 300px) 100vw, 300px\" \/><\/a>Karina Holla \u00e4r en av Hollands mest v\u00e4letablerade scenkonstn\u00e4rer och hennes gr\u00e4ns\u00f6verskridande scenspr\u00e5k har hyllats v\u00e4rlden \u00f6ver. Hon agerar med hela sitt register och r\u00e4ds varken fulhet eller sk\u00f6nhet. Som den Holl\u00e4ndska pressen skrev: \u201dHennes speciella och egna sk\u00e5despelarstil och r\u00f6relsem\u00f6nster skapar en v\u00e4ldigt intensiv teater som g\u00e5r rakt in och ber\u00f6r i sj\u00e4len.\u201d Teater Giljotin har tillsammans med Compagnie Karina Holla producerat succ\u00e9erna, San Clamente (2001), Entr\u00e9 Blesse (2008) och nu senast Fr\u00e4mmande Kropp (2015). <\/p>\n<p><strong>Om Gunilla R\u00f6\u00f6r<\/strong><br \/>\nGunilla R\u00f6\u00f6r \u00e4r en av Sveriges mest v\u00e4letablerade sk\u00e5despelare. Hon har medverkat i 41 filmer, 13 TV-Serier och synts p\u00e5 alla de stora scenerna runt om i Sverige. Vi k\u00e4nner igen henne allt i fr\u00e5n Freud flyttar hemifr\u00e5n, Lorry, Sk\u00e4rg\u00e5rdsdoktorn och Beck. Till h\u00f6sten \u00e4r hon aktuell med b\u00e5de Maratondansen p\u00e5 Stadsteatern och Another Nice Mess p\u00e5 Teater Giljotin.<\/p>\n","protected":false},"excerpt":{"rendered":"<p>Helan och Halvan intar Teater Giljotin. Det \u00e4r stj\u00e4rnduon Karina Holla och Gunilla R\u00f6\u00f6r som intar scenen och bjuder p\u00e5 b\u00e5de humor och allvar i en h\u00e4rlig mix. Ett pressmeddelande ber\u00e4ttar: Om F\u00f6rest\u00e4llningen: \u201dVi \u00e4r tv\u00e5 bj\u00f6rnar som dansar p\u00e5 en het platta. Vi f\u00f6rs\u00f6ker skaka av oss de m\u00f6rka tankarna. Vi vill tillf\u00f6ra ljus [&hellip;]<\/p>\n","protected":false},"author":13,"featured_media":0,"comment_status":"open","ping_status":"open","sticky":false,"template":"","format":"standard","meta":{"_genesis_hide_title":false,"_genesis_hide_breadcrumbs":false,"_genesis_hide_singular_image":false,"_genesis_hide_footer_widgets":false,"_genesis_custom_body_class":"","_genesis_custom_post_class":"","_genesis_layout":"","footnotes":""},"categories":[20,30],"tags":[2134,12833,5643],"class_list":{"0":"post-101806","1":"post","2":"type-post","3":"status-publish","4":"format-standard","6":"category-film","7":"category-teater","8":"tag-gunilla-roor","9":"tag-helan-och-halvan","10":"tag-teater-giljotin","11":"entry"},"_links":{"self":[{"href":"https:\/\/kulturbloggen.com\/index.php?rest_route=\/wp\/v2\/posts\/101806","targetHints":{"allow":["GET"]}}],"collection":[{"href":"https:\/\/kulturbloggen.com\/index.php?rest_route=\/wp\/v2\/posts"}],"about":[{"href":"https:\/\/kulturbloggen.com\/index.php?rest_route=\/wp\/v2\/types\/post"}],"author":[{"embeddable":true,"href":"https:\/\/kulturbloggen.com\/index.php?rest_route=\/wp\/v2\/users\/13"}],"replies":[{"embeddable":true,"href":"https:\/\/kulturbloggen.com\/index.php?rest_route=%2Fwp%2Fv2%2Fcomments&post=101806"}],"version-history":[{"count":3,"href":"https:\/\/kulturbloggen.com\/index.php?rest_route=\/wp\/v2\/posts\/101806\/revisions"}],"predecessor-version":[{"id":101811,"href":"https:\/\/kulturbloggen.com\/index.php?rest_route=\/wp\/v2\/posts\/101806\/revisions\/101811"}],"wp:attachment":[{"href":"https:\/\/kulturbloggen.com\/index.php?rest_route=%2Fwp%2Fv2%2Fmedia&parent=101806"}],"wp:term":[{"taxonomy":"category","embeddable":true,"href":"https:\/\/kulturbloggen.com\/index.php?rest_route=%2Fwp%2Fv2%2Fcategories&post=101806"},{"taxonomy":"post_tag","embeddable":true,"href":"https:\/\/kulturbloggen.com\/index.php?rest_route=%2Fwp%2Fv2%2Ftags&post=101806"}],"curies":[{"name":"wp","href":"https:\/\/api.w.org\/{rel}","templated":true}]}}