{"id":101766,"date":"2016-05-06T09:06:14","date_gmt":"2016-05-06T08:06:14","guid":{"rendered":"http:\/\/kulturbloggen.com\/?p=101766"},"modified":"2016-05-06T09:06:14","modified_gmt":"2016-05-06T08:06:14","slug":"bildgalleri-timbuktu-och-damn-pa-grona-lund","status":"publish","type":"post","link":"https:\/\/kulturbloggen.com\/?p=101766","title":{"rendered":"Bildgalleri:  Timbuktu och Damn! p\u00e5 Gr\u00f6na Lund"},"content":{"rendered":"<p><a href=\"http:\/\/kulturbloggen.com\/wp-content\/uploads\/2016\/05\/timbuktugronan.jpg\"><img loading=\"lazy\" decoding=\"async\" src=\"http:\/\/kulturbloggen.com\/wp-content\/uploads\/2016\/05\/timbuktugronan-300x200.jpg\" alt=\"timbuktugronan\" width=\"300\" height=\"200\" class=\"aligncenter size-medium wp-image-101767\" srcset=\"https:\/\/kulturbloggen.com\/wp-content\/uploads\/2016\/05\/timbuktugronan-300x200.jpg 300w, https:\/\/kulturbloggen.com\/wp-content\/uploads\/2016\/05\/timbuktugronan-768x512.jpg 768w, https:\/\/kulturbloggen.com\/wp-content\/uploads\/2016\/05\/timbuktugronan-1024x683.jpg 1024w, https:\/\/kulturbloggen.com\/wp-content\/uploads\/2016\/05\/timbuktugronan.jpg 2048w\" sizes=\"auto, (max-width: 300px) 100vw, 300px\" \/><\/a><\/p>\n<p>Timbuktu och Damn! p\u00e5 <a href=\"http:\/\/www.gronalund.com\/sv\/scen-show\/konserter\/timbuktu-och-damn\/\">Gr\u00f6na Lund<\/a>, 5 maj 2016<\/p>\n<p>Timbuktu, artisten som aldrig \u00e4r feg, som \u00e4r frispr\u00e5kig n\u00e4r det g\u00e4ller or\u00e4ttvisor och inte h\u00e5ller tyst \u00e4r ocks\u00e5 en stor underh\u00e5llare som musiker och artist. Tillsammans med bandet Damn! inledde han Gr\u00f6na Lunds konsertsommar p\u00e5 stora scenen 5 maj 2016. <\/p>\n<p><strong>Foto: Thomas Johansson<\/strong><\/p>\n<p><a href=\"http:\/\/kulturbloggen.com\/wp-content\/uploads\/2016\/05\/timbuktugronan2.jpg\"><img loading=\"lazy\" decoding=\"async\" src=\"http:\/\/kulturbloggen.com\/wp-content\/uploads\/2016\/05\/timbuktugronan2-300x200.jpg\" alt=\"timbuktugronan2\" width=\"300\" height=\"200\" class=\"aligncenter size-medium wp-image-101768\" srcset=\"https:\/\/kulturbloggen.com\/wp-content\/uploads\/2016\/05\/timbuktugronan2-300x200.jpg 300w, https:\/\/kulturbloggen.com\/wp-content\/uploads\/2016\/05\/timbuktugronan2-768x512.jpg 768w, https:\/\/kulturbloggen.com\/wp-content\/uploads\/2016\/05\/timbuktugronan2-1024x683.jpg 1024w, https:\/\/kulturbloggen.com\/wp-content\/uploads\/2016\/05\/timbuktugronan2.jpg 2048w\" sizes=\"auto, (max-width: 300px) 100vw, 300px\" \/><\/a><\/p>\n<p><a href=\"http:\/\/kulturbloggen.com\/wp-content\/uploads\/2016\/05\/timbuktugronan3.jpg\"><img loading=\"lazy\" decoding=\"async\" src=\"http:\/\/kulturbloggen.com\/wp-content\/uploads\/2016\/05\/timbuktugronan3-300x200.jpg\" alt=\"timbuktugronan3\" width=\"300\" height=\"200\" class=\"aligncenter size-medium wp-image-101769\" srcset=\"https:\/\/kulturbloggen.com\/wp-content\/uploads\/2016\/05\/timbuktugronan3-300x200.jpg 300w, https:\/\/kulturbloggen.com\/wp-content\/uploads\/2016\/05\/timbuktugronan3-768x512.jpg 768w, https:\/\/kulturbloggen.com\/wp-content\/uploads\/2016\/05\/timbuktugronan3-1024x683.jpg 1024w, https:\/\/kulturbloggen.com\/wp-content\/uploads\/2016\/05\/timbuktugronan3.jpg 2048w\" sizes=\"auto, (max-width: 300px) 100vw, 300px\" \/><\/a><\/p>\n<p><a href=\"http:\/\/kulturbloggen.com\/wp-content\/uploads\/2016\/05\/timbuktugronan4.jpg\"><img loading=\"lazy\" decoding=\"async\" src=\"http:\/\/kulturbloggen.com\/wp-content\/uploads\/2016\/05\/timbuktugronan4-300x200.jpg\" alt=\"timbuktugronan4\" width=\"300\" height=\"200\" class=\"aligncenter size-medium wp-image-101770\" srcset=\"https:\/\/kulturbloggen.com\/wp-content\/uploads\/2016\/05\/timbuktugronan4-300x200.jpg 300w, https:\/\/kulturbloggen.com\/wp-content\/uploads\/2016\/05\/timbuktugronan4-768x512.jpg 768w, https:\/\/kulturbloggen.com\/wp-content\/uploads\/2016\/05\/timbuktugronan4-1024x683.jpg 1024w, https:\/\/kulturbloggen.com\/wp-content\/uploads\/2016\/05\/timbuktugronan4.jpg 2048w\" sizes=\"auto, (max-width: 300px) 100vw, 300px\" \/><\/a><\/p>\n<p><a href=\"http:\/\/kulturbloggen.com\/wp-content\/uploads\/2016\/05\/timbuktugronan5.jpg\"><img loading=\"lazy\" decoding=\"async\" src=\"http:\/\/kulturbloggen.com\/wp-content\/uploads\/2016\/05\/timbuktugronan5-300x200.jpg\" alt=\"timbuktugronan5\" width=\"300\" height=\"200\" class=\"aligncenter size-medium wp-image-101771\" srcset=\"https:\/\/kulturbloggen.com\/wp-content\/uploads\/2016\/05\/timbuktugronan5-300x200.jpg 300w, https:\/\/kulturbloggen.com\/wp-content\/uploads\/2016\/05\/timbuktugronan5-768x512.jpg 768w, https:\/\/kulturbloggen.com\/wp-content\/uploads\/2016\/05\/timbuktugronan5-1024x683.jpg 1024w, https:\/\/kulturbloggen.com\/wp-content\/uploads\/2016\/05\/timbuktugronan5.jpg 2048w\" sizes=\"auto, (max-width: 300px) 100vw, 300px\" \/><\/a><\/p>\n<p><a href=\"http:\/\/kulturbloggen.com\/wp-content\/uploads\/2016\/05\/timbuktugronan6.jpg\"><img loading=\"lazy\" decoding=\"async\" src=\"http:\/\/kulturbloggen.com\/wp-content\/uploads\/2016\/05\/timbuktugronan6-300x200.jpg\" alt=\"timbuktugronan6\" width=\"300\" height=\"200\" class=\"aligncenter size-medium wp-image-101772\" srcset=\"https:\/\/kulturbloggen.com\/wp-content\/uploads\/2016\/05\/timbuktugronan6-300x200.jpg 300w, https:\/\/kulturbloggen.com\/wp-content\/uploads\/2016\/05\/timbuktugronan6-768x512.jpg 768w, https:\/\/kulturbloggen.com\/wp-content\/uploads\/2016\/05\/timbuktugronan6-1024x683.jpg 1024w, https:\/\/kulturbloggen.com\/wp-content\/uploads\/2016\/05\/timbuktugronan6.jpg 2048w\" sizes=\"auto, (max-width: 300px) 100vw, 300px\" \/><\/a><\/p>\n<p><a href=\"http:\/\/kulturbloggen.com\/wp-content\/uploads\/2016\/05\/timbuktugronan7.jpg\"><img loading=\"lazy\" decoding=\"async\" src=\"http:\/\/kulturbloggen.com\/wp-content\/uploads\/2016\/05\/timbuktugronan7-300x200.jpg\" alt=\"timbuktugronan7\" width=\"300\" height=\"200\" class=\"aligncenter size-medium wp-image-101773\" srcset=\"https:\/\/kulturbloggen.com\/wp-content\/uploads\/2016\/05\/timbuktugronan7-300x200.jpg 300w, https:\/\/kulturbloggen.com\/wp-content\/uploads\/2016\/05\/timbuktugronan7-768x512.jpg 768w, https:\/\/kulturbloggen.com\/wp-content\/uploads\/2016\/05\/timbuktugronan7-1024x683.jpg 1024w, https:\/\/kulturbloggen.com\/wp-content\/uploads\/2016\/05\/timbuktugronan7.jpg 2048w\" sizes=\"auto, (max-width: 300px) 100vw, 300px\" \/><\/a><\/p>\n<p><a href=\"http:\/\/kulturbloggen.com\/wp-content\/uploads\/2016\/05\/timbuktugronan8.jpg\"><img loading=\"lazy\" decoding=\"async\" src=\"http:\/\/kulturbloggen.com\/wp-content\/uploads\/2016\/05\/timbuktugronan8-300x200.jpg\" alt=\"timbuktugronan8\" width=\"300\" height=\"200\" class=\"aligncenter size-medium wp-image-101774\" srcset=\"https:\/\/kulturbloggen.com\/wp-content\/uploads\/2016\/05\/timbuktugronan8-300x200.jpg 300w, https:\/\/kulturbloggen.com\/wp-content\/uploads\/2016\/05\/timbuktugronan8-768x512.jpg 768w, https:\/\/kulturbloggen.com\/wp-content\/uploads\/2016\/05\/timbuktugronan8-1024x683.jpg 1024w, https:\/\/kulturbloggen.com\/wp-content\/uploads\/2016\/05\/timbuktugronan8.jpg 2048w\" sizes=\"auto, (max-width: 300px) 100vw, 300px\" \/><\/a><\/p>\n<p><a href=\"http:\/\/kulturbloggen.com\/wp-content\/uploads\/2016\/05\/timbuktugronan9.jpg\"><img loading=\"lazy\" decoding=\"async\" src=\"http:\/\/kulturbloggen.com\/wp-content\/uploads\/2016\/05\/timbuktugronan9-300x200.jpg\" alt=\"timbuktugronan9\" width=\"300\" height=\"200\" class=\"aligncenter size-medium wp-image-101775\" srcset=\"https:\/\/kulturbloggen.com\/wp-content\/uploads\/2016\/05\/timbuktugronan9-300x200.jpg 300w, https:\/\/kulturbloggen.com\/wp-content\/uploads\/2016\/05\/timbuktugronan9-768x512.jpg 768w, https:\/\/kulturbloggen.com\/wp-content\/uploads\/2016\/05\/timbuktugronan9-1024x683.jpg 1024w, https:\/\/kulturbloggen.com\/wp-content\/uploads\/2016\/05\/timbuktugronan9.jpg 2048w\" sizes=\"auto, (max-width: 300px) 100vw, 300px\" \/><\/a><\/p>\n","protected":false},"excerpt":{"rendered":"<p>Timbuktu och Damn! p\u00e5 Gr\u00f6na Lund, 5 maj 2016 Timbuktu, artisten som aldrig \u00e4r feg, som \u00e4r frispr\u00e5kig n\u00e4r det g\u00e4ller or\u00e4ttvisor och inte h\u00e5ller tyst \u00e4r ocks\u00e5 en stor underh\u00e5llare som musiker och artist. Tillsammans med bandet Damn! inledde han Gr\u00f6na Lunds konsertsommar p\u00e5 stora scenen 5 maj 2016. Foto: Thomas Johansson<\/p>\n","protected":false},"author":12,"featured_media":0,"comment_status":"open","ping_status":"open","sticky":false,"template":"","format":"standard","meta":{"_genesis_hide_title":false,"_genesis_hide_breadcrumbs":false,"_genesis_hide_singular_image":false,"_genesis_hide_footer_widgets":false,"_genesis_custom_body_class":"","_genesis_custom_post_class":"","_genesis_layout":"","footnotes":""},"categories":[7],"tags":[12830,1841,2110,6978],"class_list":{"0":"post-101766","1":"post","2":"type-post","3":"status-publish","4":"format-standard","6":"category-musik","7":"tag-bildglleri","8":"tag-foto","9":"tag-grona-lund","10":"tag-timbuktu","11":"entry"},"_links":{"self":[{"href":"https:\/\/kulturbloggen.com\/index.php?rest_route=\/wp\/v2\/posts\/101766","targetHints":{"allow":["GET"]}}],"collection":[{"href":"https:\/\/kulturbloggen.com\/index.php?rest_route=\/wp\/v2\/posts"}],"about":[{"href":"https:\/\/kulturbloggen.com\/index.php?rest_route=\/wp\/v2\/types\/post"}],"author":[{"embeddable":true,"href":"https:\/\/kulturbloggen.com\/index.php?rest_route=\/wp\/v2\/users\/12"}],"replies":[{"embeddable":true,"href":"https:\/\/kulturbloggen.com\/index.php?rest_route=%2Fwp%2Fv2%2Fcomments&post=101766"}],"version-history":[{"count":1,"href":"https:\/\/kulturbloggen.com\/index.php?rest_route=\/wp\/v2\/posts\/101766\/revisions"}],"predecessor-version":[{"id":101776,"href":"https:\/\/kulturbloggen.com\/index.php?rest_route=\/wp\/v2\/posts\/101766\/revisions\/101776"}],"wp:attachment":[{"href":"https:\/\/kulturbloggen.com\/index.php?rest_route=%2Fwp%2Fv2%2Fmedia&parent=101766"}],"wp:term":[{"taxonomy":"category","embeddable":true,"href":"https:\/\/kulturbloggen.com\/index.php?rest_route=%2Fwp%2Fv2%2Fcategories&post=101766"},{"taxonomy":"post_tag","embeddable":true,"href":"https:\/\/kulturbloggen.com\/index.php?rest_route=%2Fwp%2Fv2%2Ftags&post=101766"}],"curies":[{"name":"wp","href":"https:\/\/api.w.org\/{rel}","templated":true}]}}