{"id":101691,"date":"2016-05-02T09:33:56","date_gmt":"2016-05-02T08:33:56","guid":{"rendered":"http:\/\/kulturbloggen.com\/?p=101691"},"modified":"2016-05-02T09:33:56","modified_gmt":"2016-05-02T08:33:56","slug":"the-hellacopters-slapper-nytt-material","status":"publish","type":"post","link":"https:\/\/kulturbloggen.com\/?p=101691","title":{"rendered":"The Hellacopters sl\u00e4pper nytt material"},"content":{"rendered":"<p><a href=\"http:\/\/kulturbloggen.com\/wp-content\/uploads\/2016\/05\/hellacopters.jpg\"><img loading=\"lazy\" decoding=\"async\" src=\"http:\/\/kulturbloggen.com\/wp-content\/uploads\/2016\/05\/hellacopters-300x111.jpg\" alt=\"hellacopters\" width=\"300\" height=\"111\" class=\"aligncenter size-medium wp-image-101692\" srcset=\"https:\/\/kulturbloggen.com\/wp-content\/uploads\/2016\/05\/hellacopters-300x111.jpg 300w, https:\/\/kulturbloggen.com\/wp-content\/uploads\/2016\/05\/hellacopters.jpg 600w\" sizes=\"auto, (max-width: 300px) 100vw, 300px\" \/><\/a><\/p>\n<p>The Hellacopters sl\u00e4pper nytt material. Det \u00e5terf\u00f6renade rockbandet som spelas p\u00e5 Sweden Rock Festival i sommar sl\u00e4pper en 12&#8243; vinyl den 3 juni.<br \/>\nThe Hellacopters firar i \u00e5r 20-\u00e5rsjubileum sedan de sl\u00e4ppte debutplattan &#8221;Supershitty To The Max&#8221;.<\/p>\n<p>&#8221;My Mephistophelean Creed'&#8221; och &#8221;Don\u00b4t Stop Now&#8221; \u00e4r tv\u00e5 sp\u00e5r som kommer att finnas p\u00e5 det kommande albumet. L\u00e5tarna \u00e4r skrivna av bandet redan 1996 men som aldrig tidigare spelats in.<\/p>\n<p>Albumet \u00e4r inspelat i Nicke Anderssons &#8221;Honk Palace&#8221; tidigare i \u00e5r och enligt pressmeddelandet \u00e4r det ett <em>band som vet precis vad det handlar om, ett band som har en orubblig tro p\u00e5 att skapa magi, t\u00e4nja p\u00e5 gr\u00e4nser och utmana sig sj\u00e4lva.<\/em><\/p>\n","protected":false},"excerpt":{"rendered":"<p>The Hellacopters sl\u00e4pper nytt material. Det \u00e5terf\u00f6renade rockbandet som spelas p\u00e5 Sweden Rock Festival i sommar sl\u00e4pper en 12&#8243; vinyl den 3 juni. The Hellacopters firar i \u00e5r 20-\u00e5rsjubileum sedan de sl\u00e4ppte debutplattan &#8221;Supershitty To The Max&#8221;. &#8221;My Mephistophelean Creed&#8217;&#8221; och &#8221;Don\u00b4t Stop Now&#8221; \u00e4r tv\u00e5 sp\u00e5r som kommer att finnas p\u00e5 det kommande albumet. [&hellip;]<\/p>\n","protected":false},"author":13,"featured_media":0,"comment_status":"open","ping_status":"open","sticky":false,"template":"","format":"standard","meta":{"_genesis_hide_title":false,"_genesis_hide_breadcrumbs":false,"_genesis_hide_singular_image":false,"_genesis_hide_footer_widgets":false,"_genesis_custom_body_class":"","_genesis_custom_post_class":"","_genesis_layout":"","footnotes":""},"categories":[7],"tags":[12818],"class_list":{"0":"post-101691","1":"post","2":"type-post","3":"status-publish","4":"format-standard","6":"category-musik","7":"tag-the-hellacopters","8":"entry"},"_links":{"self":[{"href":"https:\/\/kulturbloggen.com\/index.php?rest_route=\/wp\/v2\/posts\/101691","targetHints":{"allow":["GET"]}}],"collection":[{"href":"https:\/\/kulturbloggen.com\/index.php?rest_route=\/wp\/v2\/posts"}],"about":[{"href":"https:\/\/kulturbloggen.com\/index.php?rest_route=\/wp\/v2\/types\/post"}],"author":[{"embeddable":true,"href":"https:\/\/kulturbloggen.com\/index.php?rest_route=\/wp\/v2\/users\/13"}],"replies":[{"embeddable":true,"href":"https:\/\/kulturbloggen.com\/index.php?rest_route=%2Fwp%2Fv2%2Fcomments&post=101691"}],"version-history":[{"count":1,"href":"https:\/\/kulturbloggen.com\/index.php?rest_route=\/wp\/v2\/posts\/101691\/revisions"}],"predecessor-version":[{"id":101693,"href":"https:\/\/kulturbloggen.com\/index.php?rest_route=\/wp\/v2\/posts\/101691\/revisions\/101693"}],"wp:attachment":[{"href":"https:\/\/kulturbloggen.com\/index.php?rest_route=%2Fwp%2Fv2%2Fmedia&parent=101691"}],"wp:term":[{"taxonomy":"category","embeddable":true,"href":"https:\/\/kulturbloggen.com\/index.php?rest_route=%2Fwp%2Fv2%2Fcategories&post=101691"},{"taxonomy":"post_tag","embeddable":true,"href":"https:\/\/kulturbloggen.com\/index.php?rest_route=%2Fwp%2Fv2%2Ftags&post=101691"}],"curies":[{"name":"wp","href":"https:\/\/api.w.org\/{rel}","templated":true}]}}