{"id":10166,"date":"2009-06-04T20:42:11","date_gmt":"2009-06-04T18:42:11","guid":{"rendered":"http:\/\/kulturbloggen.com\/?p=10166"},"modified":"2009-06-04T20:42:11","modified_gmt":"2009-06-04T18:42:11","slug":"slutdebatten-ratt-avslojande","status":"publish","type":"post","link":"https:\/\/kulturbloggen.com\/?p=10166","title":{"rendered":"Slutdebatten &#8211; r\u00e4tt avsl\u00f6jande"},"content":{"rendered":"<p><a href=\"http:\/\/sodergren.com\/kulturbloggen\/wp-content\/uploads\/2009\/06\/euparlamentet290.jpg\"><img loading=\"lazy\" decoding=\"async\" src=\"http:\/\/sodergren.com\/kulturbloggen\/wp-content\/uploads\/2009\/06\/euparlamentet290.jpg\" alt=\"euparlamentet290\" title=\"euparlamentet290\" width=\"290\" height=\"200\" class=\"aligncenter size-full wp-image-10168\" \/><\/a><br \/>\nDet var en r\u00e4tt lustig slutdebatt i Sveriges Television p\u00e5 torsdagskv\u00e4llen. De \u00e5tta partier som har ledam\u00f6ter i Europaparlamentet var med i debatten, vilket betydde att Junilistan var med och inte Piratpartiet.<br \/>\nDet m\u00e4rktes att ett par av dessa debatt\u00f6rer inte \u00e4r lika tv-vana som politiker som annars brukar sitta i de tv-s\u00e4nda debatterna. De s\u00e5g inte in i kameran n\u00e4r de talade.<br \/>\nFast Marita Ulvskog fr\u00e5n S var ett undantag och Moderaternas Gunnar H\u00f6kmark och Milj\u00f6partiets Carl Schlyter, f\u00f6rst\u00e5s.<br \/>\n<!--more--><br \/>\nJag t\u00e4nker p\u00e5 f\u00f6rra g\u00e5ngen det var val till EU, d\u00e5 red folkpartiet p\u00e5 Marit Paulsson-effekten. Det g\u00f6r de nog inte den h\u00e4r g\u00e5ngen. Hennes fr\u00e5ga \u00e4r inte alls lika aktuell idag och \u00e4ven om hon \u00e4r duktig s\u00e5 har tiden g\u00e5tt f\u00f6rbi henne.<\/p>\n<p>Marita Ulvskog var mycket tydlig och bra, h\u00f6rde jag ungdomarna tycka som satt kring tv-soffan med mig. Hon och Carl Schlyter fick absolut h\u00f6gsta betyg.<\/p>\n<p>OJ, \u00e4r det G\u00f6sta Ekman sade ungdomarna n\u00e4r Gunnar H\u00f6kmark d\u00f6k upp i bild. Ungdomarna skrattade gott n\u00e4r han drog fram den gamla klyschan\/l\u00f6gnen som Reinfeldt k\u00f6rde inf\u00f6r riksdagsvalet i debatten mot G\u00f6ran Persson. Ni vet: &#8221;Vi ska inte kriminalisera en ungdomsgeneration.&#8221;<br \/>\nUnder diskussionen kring fildelning, f\u00f6rst\u00e5s.<br \/>\nS\u00e5 enligt H\u00f6kmark ska det vara Ok f\u00f6r ungdomar att fildela, men jag som inte kan definieras som ungdom l\u00e4ngre f\u00e5r inte fildela.<br \/>\n&#8221;Du f\u00e5r v\u00e4l be oss fildela \u00e5t dig&#8221;, skrattade ungdomarna som s\u00e5g slutdebatten med mig.<\/p>\n<p>Nu \u00e4r det f\u00f6rst\u00e5s ingen som tror p\u00e5 H\u00f6kmark, alla vet att han liksom hans partikamrater r\u00f6star f\u00f6r mer makt \u00e5t antipiraterna och att han r\u00f6star f\u00f6r alla lagar som jagar fildelare.<\/p>\n<p>Piratpartiet fick inte vara med, eftersom partiet i nul\u00e4get inte har n\u00e5gon representant i EU-parlamentet. Men jag tror att PP klarar sig bra \u00e4nd\u00e5. <a href=\"http:\/\/www.svd.se\/nyheter\/inrikes\/artikel_3011907.svd\">I Skops senaste m\u00e4tning<\/a> inf\u00f6r s\u00f6ndagens EU-val uppger n\u00e4stan sex procent att de t\u00e4nker r\u00f6sta p\u00e5 det unga <em>enfr\u00e5gepartiet<\/em>. (Enfr\u00e5gepartiet \u00e4r citat fr\u00e5n SVD, vilket ju inte \u00e4r korrekt: det \u00e4r ett tv\u00e5fr\u00e5geparti.)<\/p>\n<p>Men debatten handlade om mycket mer \u00e4n integritetsfr\u00e5gorna och fildelning, s\u00e5 PP skulle v\u00e4l \u00e4nd\u00e5 inte haft n\u00e5got i dessa fr\u00e5gor att st\u00e4lla.<br \/>\nJobbet diskuterades, Lavaldomen, klimatfr\u00e5gan &#8230;  <\/p>\n<p><a href=\"http:\/\/ungvanster.blogspot.com\/\">Ung V\u00e4nster<\/a> <a href=\"http:\/\/ungvanster.blogspot.com\/2009\/06\/bloggduell-om-slutdebatt.html\">var den blogg<\/a> som var utplockad av Aftonbladet f\u00f6r att blogga f\u00f6r r\u00f6da sidan. Det var samma blogg som var utvald vid f\u00f6rra debatten. Lite undrar jag ju varf\u00f6r en s\u00e5dan liten grupp f\u00e5r representera oppositionssidan varje g\u00e5ng. Varf\u00f6r inte S, varf\u00f6r inte MP?<\/p>\n<p><a href=\"http:\/\/blogg.aftonbladet.se\/johannamelen\/2009\/06\/ulvskog-detta-ordvrangeri\">Johanna Mel\u00e9n bloggade f\u00f6r Aftonbladet i rollen som reporter<\/a>. Men fr\u00e5gan \u00e4r: varf\u00f6r v\u00e4ljer hon att l\u00e5ta Ung v\u00e4nster alltid representera v\u00e5r sida?<\/p>\n<p><a href=\"http:\/\/krassman-inyourface.blogspot.com\/2009\/06\/att-inte-invaggas-i-falsk-trygghet.html\">Krassman gjorde som jag, bloggade under debattens g\u00e5ng<\/a> liksom <a href=\"http:\/\/www.eriklaakso.nu\/?p=1597\">Erik Laakso<\/a>.<\/p>\n<p>Relaterat:<br \/>\n<a href=\"http:\/\/www.aftonbladet.se\/nyheter\/euvalet\/article5297189.ab\">Aftonbladet<\/a>, <a href=\"http:\/\/blogg.expressen.se\/eubloggen\/entry.jsp?messid=511009\">Expressens EU-blogg<\/a>, <a href=\"http:\/\/www.expressen.se\/Nyheter\/eu-valet2009\/1.1594612\/uppstickarna-i-eu-valet\">Expressen om uppstickarna<\/a>, <a href=\"http:\/\/www.dn.se\/fordjupning\/europa2009\/slutdebatt-infor-eu-valet-1.884711\">Dagens Nyheter<\/a>, <a href=\"http:\/\/www.svd.se\/nyheter\/inrikes\/artikel_3010753.svd\">Svenska Dagbladet 1<\/a>, <a href=\"http:\/\/www.svd.se\/nyheter\/inrikes\/artikel_3011891.svd\">Svenska Dagbladet 2<\/a>. <\/p>\n<p>Andra bloggar om: <a href=\"http:\/\/bloggar.se\/om\/EU-val\" rel=\"tag\">EU-val<\/a>, <a href=\"http:\/\/bloggar.se\/om\/politik\" rel=\"tag\">politik<\/a>, <a href=\"http:\/\/bloggar.se\/om\/fildelning\" rel=\"tag\">fildelning<\/a>, <a href=\"http:\/\/bloggar.se\/om\/samh%E4lle\" rel=\"tag\">samh\u00e4lle<\/a>, <a href=\"http:\/\/bloggar.se\/om\/Marita+Ulvskog\" rel=\"tag\">Marita Ulvskog<\/a>, <a href=\"http:\/\/bloggar.se\/om\/Carl+Schlyter\" rel=\"tag\">Carl Schlyter<\/a>, <a href=\"http:\/\/bloggar.se\/om\/Gunnar+H%F6kmark\" rel=\"tag\">Gunnar H\u00f6kmark<\/a><\/p>\n","protected":false},"excerpt":{"rendered":"<p>Det var en r\u00e4tt lustig slutdebatt i Sveriges Television p\u00e5 torsdagskv\u00e4llen. De \u00e5tta partier som har ledam\u00f6ter i Europaparlamentet var med i debatten, vilket betydde att Junilistan var med och inte Piratpartiet. Det m\u00e4rktes att ett par av dessa debatt\u00f6rer inte \u00e4r lika tv-vana som politiker som annars brukar sitta i de tv-s\u00e4nda debatterna. De [&hellip;]<\/p>\n","protected":false},"author":2,"featured_media":0,"comment_status":"open","ping_status":"open","sticky":false,"template":"","format":"standard","meta":{"_genesis_hide_title":false,"_genesis_hide_breadcrumbs":false,"_genesis_hide_singular_image":false,"_genesis_hide_footer_widgets":false,"_genesis_custom_body_class":"","_genesis_custom_post_class":"","_genesis_layout":"","footnotes":""},"categories":[20],"tags":[1583,1708,12284,4917],"class_list":{"0":"post-10166","1":"post","2":"type-post","3":"status-publish","4":"format-standard","6":"category-film","7":"tag-eu-val","8":"tag-fildelning","9":"tag-politik","10":"tag-samhalle","11":"entry"},"_links":{"self":[{"href":"https:\/\/kulturbloggen.com\/index.php?rest_route=\/wp\/v2\/posts\/10166","targetHints":{"allow":["GET"]}}],"collection":[{"href":"https:\/\/kulturbloggen.com\/index.php?rest_route=\/wp\/v2\/posts"}],"about":[{"href":"https:\/\/kulturbloggen.com\/index.php?rest_route=\/wp\/v2\/types\/post"}],"author":[{"embeddable":true,"href":"https:\/\/kulturbloggen.com\/index.php?rest_route=\/wp\/v2\/users\/2"}],"replies":[{"embeddable":true,"href":"https:\/\/kulturbloggen.com\/index.php?rest_route=%2Fwp%2Fv2%2Fcomments&post=10166"}],"version-history":[{"count":0,"href":"https:\/\/kulturbloggen.com\/index.php?rest_route=\/wp\/v2\/posts\/10166\/revisions"}],"wp:attachment":[{"href":"https:\/\/kulturbloggen.com\/index.php?rest_route=%2Fwp%2Fv2%2Fmedia&parent=10166"}],"wp:term":[{"taxonomy":"category","embeddable":true,"href":"https:\/\/kulturbloggen.com\/index.php?rest_route=%2Fwp%2Fv2%2Fcategories&post=10166"},{"taxonomy":"post_tag","embeddable":true,"href":"https:\/\/kulturbloggen.com\/index.php?rest_route=%2Fwp%2Fv2%2Ftags&post=10166"}],"curies":[{"name":"wp","href":"https:\/\/api.w.org\/{rel}","templated":true}]}}