{"id":101649,"date":"2016-05-04T07:18:38","date_gmt":"2016-05-04T06:18:38","guid":{"rendered":"http:\/\/kulturbloggen.com\/?p=101649"},"modified":"2016-05-23T13:18:31","modified_gmt":"2016-05-23T12:18:31","slug":"maja-godicke-alla-stora-forandringar-som-kan-handa-har-hant-i-mitt-eget-liv","status":"publish","type":"post","link":"https:\/\/kulturbloggen.com\/?p=101649","title":{"rendered":"Maja G\u00f6dicke: \u201cAlla stora f\u00f6r\u00e4ndringar som kan h\u00e4nda har h\u00e4nt i mitt eget liv\u201d"},"content":{"rendered":"<p><a href=\"http:\/\/kulturbloggen.com\/?attachment_id=101722\" rel=\"attachment wp-att-101722\"><img loading=\"lazy\" decoding=\"async\" class=\"aligncenter size-medium wp-image-101722\" src=\"http:\/\/kulturbloggen.com\/wp-content\/uploads\/2016\/05\/maja-300x300.jpg\" alt=\"maja\" width=\"300\" height=\"300\" srcset=\"https:\/\/kulturbloggen.com\/wp-content\/uploads\/2016\/05\/maja-300x300.jpg 300w, https:\/\/kulturbloggen.com\/wp-content\/uploads\/2016\/05\/maja-150x150.jpg 150w, https:\/\/kulturbloggen.com\/wp-content\/uploads\/2016\/05\/maja-768x768.jpg 768w, https:\/\/kulturbloggen.com\/wp-content\/uploads\/2016\/05\/maja.jpg 936w\" sizes=\"auto, (max-width: 300px) 100vw, 300px\" \/><\/a><\/p>\n<p>Debuten med <em>Omniana,<\/em> som sl\u00e4pptes via Kning Disk f\u00f6rra \u00e5ret, bestod av Maja G\u00f6dickes samlade inspelningar fr\u00e5n det senaste decenniet. Nu tar den G\u00f6teborgsbaserade artisten ett avbrott fr\u00e5n arbetet med uppf\u00f6ljaren f\u00f6r att sl\u00e4ppa en speciell singel, <em>Bl\u00e5<\/em>, den h\u00e4r g\u00e5ngen via Woah Dad i samarbete med f\u00e4rgf\u00f6retaget Beckers.<\/p>\n<p><strong>Din nya singel <em>Bl\u00e5<\/em> k\u00e4nns betydligt mer direkt \u00e4n albumet du sl\u00e4ppte f\u00f6rra \u00e5ret. Vad beror det p\u00e5?<\/strong><\/p>\n<p>&#8211; Jag har inte skrivit den, det \u00e4r tv\u00e5 l\u00e5tskrivare som heter Anton Ax\u00e9lo och Dennis Galv\u00e9n som har skrivit l\u00e5ten och jag har f\u00e5tt vara med i slutprocessen. G\u00f6ra den till min. Men temat var klart sedan innan i och med att det \u00e4r en del av en kampanj som handlar om livet som f\u00f6r\u00e4ndras och vilken roll m\u00e5larf\u00e4rg spelar. Det \u00e4r ett nytt s\u00e4tt att jobba f\u00f6r mig, en ny typ av process. Anledningen till att det l\u00e5ter p\u00e5 ett annat s\u00e4tt \u00e4r v\u00e4l f\u00f6r att det \u00e4r andra m\u00e4nniskor som har varit inblandade i processen.<\/p>\n<p><strong>Vad tycker du om det h\u00e4r s\u00e4ttet att jobba?<\/strong><\/p>\n<p>&#8211; Jag \u00e4r \u00f6ppen f\u00f6r nya s\u00e4tt att jobba p\u00e5. Det \u00e4r l\u00e4rorikt, om inte annat f\u00f6r att \u00f6ppna upp sitt eget rum d\u00e4r man sitter och jobbar med sina influenser och sina egna impulsiva beslut som hela tiden f\u00e4rgar det man g\u00f6r. Jag ser det som ett v\u00e4lkommet avbrott fr\u00e5n det jag g\u00f6r och kommer forts\u00e4tta g\u00f6ra.<\/p>\n<p><strong>Vilken touch tycker du att du har satt p\u00e5 l\u00e5ten?<\/strong><\/p>\n<p>&#8211; Jag skrev en lista med saker jag ville vrida p\u00e5. Jag f\u00f6rhandlade ner den i tempo, jag ville ha den lite l\u00e4gre men fick tv\u00e5 bpm till godo. Sedan har jag f\u00f6rs\u00f6kt bearbeta textmassan, det \u00e4r sv\u00e5rt f\u00f6r mig att l\u00e5ta bli, s\u00e5 vissa formuleringar fick strykas. I \u00f6vrigt tycker jag storyn i sig var n\u00e5got jag kunde relatera r\u00e4tt h\u00e5rt till i och med att jag gjort ungef\u00e4r samma resa; alla stora f\u00f6r\u00e4ndringar som kan h\u00e4nda har h\u00e4nt i mitt eget liv. Det var fint att g\u00f6ra n\u00e5gon slags f\u00f6renklad, rapp sammanfattning \u00e4ven om det inte handlar om mig. Om det var sj\u00e4lvbiografiskt skulle jag beh\u00f6vt fem l\u00e5tar f\u00f6r att f\u00f6rs\u00f6ka f\u00f6rklara alla f\u00f6r\u00e4ndringar. Jag skulle ha f\u00f6rs\u00f6kt problematisera det mer. Nu \u00e4r det en l\u00e5ngtradare som k\u00f6r igenom en storyline. Det var befriande f\u00f6r jag tror inte jag hade kunnat skriva den s\u00e5 direkt.<\/p>\n<p><strong>Det \u00e4r \u00e4ven p\u00e5 g\u00e5ng med en video som kommer s\u00e4ndas i TV, kan du ber\u00e4tta om det?<\/strong><\/p>\n<p>&#8211; Det var f\u00e4rgf\u00f6retaget Beckers som kom p\u00e5 detta. De ville att artister skulle gestalta den h\u00e4r grejen att folk m\u00e5lar om n\u00e4r stora f\u00f6r\u00e4ndringar h\u00e4nder i livet. Det h\u00e4r \u00e4r den f\u00f6rsta av flera olika samarbeten de kommer k\u00f6ra.<\/p>\n<p>&#8211; En av anledningarna till att jag tackade ja var att Filip Nilsson och Thomas Skoging fr\u00e5n Acne Films skulle g\u00f6ra den h\u00e4r filmen. Efter ett m\u00f6te med dem k\u00e4nde jag wow. Fin vision, fina referenser. Lite Michel Gondry. Du vet, han som gjorde <em>Eternal Sunshine on the Spotless Mind<\/em>. Jag blev peppad och det k\u00e4ndes som att de hade medel att g\u00f6ra n\u00e5gonting v\u00e4ldigt fint. Jag blev intresserad av den visuella biten, den dramatiska biten. Det ska bli sp\u00e4nnande att se hur det blir. Det var intensiva dagar, fullt team p\u00e5 trettio personer och entourage. S\u00e5 det var som att kliva in i en stor cirkus. Aldrig varit med om n\u00e5got liknande.<\/p>\n<p><strong>Vilka associationer har du sj\u00e4lv till f\u00e4rgen bl\u00e5?<\/strong><\/p>\n<p>&#8211; N\u00e4r jag satte l\u00e5ttiteln t\u00e4nkte jag att bl\u00e5 \u00e4r en ganska tvetydig f\u00e4rg. Symboliken kan variera fr\u00e5n det d\u00e4r klassiskt bl\u00e5a du kan k\u00e4nna &#8211; blues typ &#8211; till en v\u00e4ldig l\u00e4tthet. Jag tycker ofta de tv\u00e5 k\u00e4nslorna kan g\u00e5 hand i hand. Man k\u00e4nner sig sorgsen men hoppfull p\u00e5 samma g\u00e5ng. Det finns en l\u00e4tt melankoli i det som \u00e4r trevlig. S\u00e5 jag ville d\u00f6pa l\u00e5ten till det eftersom det k\u00e4nns som en bra sammanfattning av den h\u00e4r resan som personen i fr\u00e5ga p\u00e5b\u00f6rjar i b\u00f6rjan av l\u00e5ten och slutar fyra minuter senare.<\/p>\n<p><strong>Vilken \u00e4r din favoritf\u00e4rg?<\/strong><\/p>\n<p>&#8211; Hm, n\u00e5gon slags bl\u00e5 som drar mot gr\u00f6n. Smaragdgr\u00f6n. Ljusbl\u00e5 med lite v\u00e4rme i.<\/p>\n<p><strong>Vad h\u00e4nder n\u00e4r det h\u00e4r projektet \u00e4r avklarat?<\/strong><\/p>\n<p>&#8211; Jag kommer \u00e5terg\u00e5 till min label Kning Disk och s\u00e5 fort jag kan sl\u00e4ppa en singel som blev framflyttad p\u00e5 grund av att det h\u00e4r projektet skulle sj\u00f6s\u00e4ttas s\u00e5 snabbt. S\u00e5 jag sl\u00e4pper singeln <em>Rokoko<\/em> i b\u00f6rjan av juni. Det \u00e4r en helt egenproducerad l\u00e5t. Det blir sp\u00e4nnande att s\u00e4tta dem bredvid varandra och se vad de f\u00e5r f\u00f6r olika mottagande.<\/p>\n<p><strong>\u00c4r <em>Rokoko<\/em> mer likt ditt album?<\/strong><\/p>\n<p>&#8211; Det \u00e4r nog likt mitt framtida album som jag sitter och jobbar p\u00e5 just nu. Det \u00e4r ocks\u00e5 ganska h\u00f6gt tempo. Men d\u00e4r \u00e4r jag ansvarig f\u00f6r alla delar s\u00e5 det har mer sl\u00e4ktskap med <em>Omniana<\/em> s\u00e5klart. En pianoslinga \u00e4r v\u00e4ldigt framtr\u00e4dande. Ossian Melin har gjort videon s\u00e5 det blir ett helt annat uttryck genom det. Det \u00e4r ett v\u00e4ldigt omaka fast maka syskonpar av l\u00e5tar.<\/p>\n<p><strong>Vad har du fler f\u00f6r id\u00e9er till ditt kommande album?<\/strong><\/p>\n<p>&#8211; Jag h\u00e5ller p\u00e5 att l\u00e4gga grunden id\u00e9m\u00e4ssigt. Jag har lyssnat r\u00e4tt mycket p\u00e5 Arthur Russell, men han \u00e4r en s\u00e5 beg\u00e5vad instrumentalist och det \u00e4r ju inte jag. Mitt blir nog l\u00e5ngt mer lo-fi och endimensionellt men det finns vissa disco-tendenser. Jag jobbar med r\u00e4tt f\u00e5 komponenter f\u00f6r att skapa catchy och djupa ljudbilder. <em>Rokokos<\/em> omslag \u00e4r en parafras p\u00e5 ett album av John Cale som jag skapade p\u00e5 n\u00e5got undermedvetet s\u00e4tt. <em>Vintage Violence<\/em> n\u00e4r han har en plastmask f\u00f6r ansiktet. S\u00e5 det kommer f\u00f6rmodligen finnas influenser fr\u00e5n hans grejer ocks\u00e5.<\/p>\n<p><strong>T\u00e4nker du mycket p\u00e5 hur din musik ska resonera med en publik eller skapar du fr\u00e4mst f\u00f6r din egen skull?<\/strong><\/p>\n<p>&#8211; Det \u00e4r n\u00e5gonting alla kreat\u00f6rer m\u00e5ste ta st\u00e4llning till p\u00e5 n\u00e5got s\u00e4tt. Hur kan det h\u00e4r potentiellt mottas? Sedan tycker jag det \u00e4r intressant att g\u00f6ra en l\u00e5t som <em>Bl\u00e5<\/em>, som f\u00e5r en v\u00e4ldigt stark maskin runt sig. Sedan vet jag att jag i forts\u00e4ttningen f\u00f6rmodligen kommer h\u00e5lla det lite mer l\u00e5gm\u00e4lt. Men det \u00e4r klart jag alltid funderar \u00f6ver om n\u00e5gon j\u00e4vel kommer tycka om det h\u00e4r. Annars hade jag inte sl\u00e4ppt n\u00e5gonting. D\u00e5 hade jag bara kunnat sitta och g\u00f6ra det sj\u00e4lv, det hade varit h\u00e4rligt det ocks\u00e5, men jag tror alla som sl\u00e4pper musik k\u00e4nner sig lite ensamma och vill ha lyssnare. Det \u00e4r mitt s\u00e4tt att kommunicera med m\u00e4nniskor, mitt s\u00e4tt att k\u00e4nna mig som en m\u00e4nniska sj\u00e4lv. Men storleken p\u00e5 min lyssnarskara spelar mindre roll i l\u00e4ngden. Sedan \u00e4r det sj\u00e4lvklart kul om det h\u00e4r f\u00e5r lite snurr, den h\u00e4r \u00e4r ju bredare, mer tillg\u00e4nglig f\u00f6r m\u00e5nga. Jag \u00e4r inte per se emot kommersiell musik, men det finns ingen given koppling mellan kvalitet och kvantitet.<\/p>\n<p><iframe loading=\"lazy\" src=\"https:\/\/embed.spotify.com\/?uri=spotify%3Atrack%3A6OyURAWisqW2PIVxFpF9EW\" width=\"300\" height=\"380\" frameborder=\"0\"><\/iframe><\/p>\n","protected":false},"excerpt":{"rendered":"<p>Debuten med Omniana, som sl\u00e4pptes via Kning Disk f\u00f6rra \u00e5ret, bestod av Maja G\u00f6dickes samlade inspelningar fr\u00e5n det senaste decenniet. Nu tar den G\u00f6teborgsbaserade artisten ett avbrott fr\u00e5n arbetet med uppf\u00f6ljaren f\u00f6r att sl\u00e4ppa en speciell singel, Bl\u00e5, den h\u00e4r g\u00e5ngen via Woah Dad i samarbete med f\u00e4rgf\u00f6retaget Beckers. Din nya singel Bl\u00e5 k\u00e4nns betydligt [&hellip;]<\/p>\n","protected":false},"author":3,"featured_media":0,"comment_status":"open","ping_status":"open","sticky":false,"template":"","format":"standard","meta":{"_genesis_hide_title":false,"_genesis_hide_breadcrumbs":false,"_genesis_hide_singular_image":false,"_genesis_hide_footer_widgets":false,"_genesis_custom_body_class":"","_genesis_custom_post_class":"","_genesis_layout":"","footnotes":""},"categories":[5,7],"tags":[12816,12815,12146],"class_list":{"0":"post-101649","1":"post","2":"type-post","3":"status-publish","4":"format-standard","6":"category-intervju","7":"category-musik","8":"tag-bla","9":"tag-maja-godicke","10":"tag-woah-dad","11":"entry"},"_links":{"self":[{"href":"https:\/\/kulturbloggen.com\/index.php?rest_route=\/wp\/v2\/posts\/101649","targetHints":{"allow":["GET"]}}],"collection":[{"href":"https:\/\/kulturbloggen.com\/index.php?rest_route=\/wp\/v2\/posts"}],"about":[{"href":"https:\/\/kulturbloggen.com\/index.php?rest_route=\/wp\/v2\/types\/post"}],"author":[{"embeddable":true,"href":"https:\/\/kulturbloggen.com\/index.php?rest_route=\/wp\/v2\/users\/3"}],"replies":[{"embeddable":true,"href":"https:\/\/kulturbloggen.com\/index.php?rest_route=%2Fwp%2Fv2%2Fcomments&post=101649"}],"version-history":[{"count":4,"href":"https:\/\/kulturbloggen.com\/index.php?rest_route=\/wp\/v2\/posts\/101649\/revisions"}],"predecessor-version":[{"id":101725,"href":"https:\/\/kulturbloggen.com\/index.php?rest_route=\/wp\/v2\/posts\/101649\/revisions\/101725"}],"wp:attachment":[{"href":"https:\/\/kulturbloggen.com\/index.php?rest_route=%2Fwp%2Fv2%2Fmedia&parent=101649"}],"wp:term":[{"taxonomy":"category","embeddable":true,"href":"https:\/\/kulturbloggen.com\/index.php?rest_route=%2Fwp%2Fv2%2Fcategories&post=101649"},{"taxonomy":"post_tag","embeddable":true,"href":"https:\/\/kulturbloggen.com\/index.php?rest_route=%2Fwp%2Fv2%2Ftags&post=101649"}],"curies":[{"name":"wp","href":"https:\/\/api.w.org\/{rel}","templated":true}]}}