{"id":101602,"date":"2016-04-27T14:56:23","date_gmt":"2016-04-27T13:56:23","guid":{"rendered":"http:\/\/kulturbloggen.com\/?p=101602"},"modified":"2016-04-27T14:56:23","modified_gmt":"2016-04-27T13:56:23","slug":"tomas-ledin-sjunger-med-koren-fran-grytans-flyktingforlaggning","status":"publish","type":"post","link":"https:\/\/kulturbloggen.com\/?p=101602","title":{"rendered":"Tomas Ledin sjunger med k\u00f6ren fr\u00e5n Grytans flyktingf\u00f6rl\u00e4ggning"},"content":{"rendered":"<p><a href=\"http:\/\/kulturbloggen.com\/wp-content\/uploads\/2016\/04\/tomasledinflyktingar.jpg\"><img loading=\"lazy\" decoding=\"async\" class=\"aligncenter size-medium wp-image-101603\" src=\"http:\/\/kulturbloggen.com\/wp-content\/uploads\/2016\/04\/tomasledinflyktingar-300x169.jpg\" alt=\"tomasledinflyktingar\" width=\"300\" height=\"169\" srcset=\"https:\/\/kulturbloggen.com\/wp-content\/uploads\/2016\/04\/tomasledinflyktingar-300x169.jpg 300w, https:\/\/kulturbloggen.com\/wp-content\/uploads\/2016\/04\/tomasledinflyktingar.jpg 640w\" sizes=\"auto, (max-width: 300px) 100vw, 300px\" \/><\/a><\/p>\n<p>Avsnitt 2 av dokument\u00e4rserien K\u00e4nn dig som hemma: Hela tiden kommer det nya bussar med asyls\u00f6kande till Grytans flyktingf\u00f6rl\u00e4ggning och det oavl\u00f6nade arbetet b\u00f6rjar ta ut sin r\u00e4tt p\u00e5 Emma, som driver organisationen Hej Fr\u00e4mling. Den ovissa v\u00e4ntan \u00e4r tuff f\u00f6r Wazir och Nedal. Om Wazir f\u00e5r jobb \u00e4r chansen st\u00f6rre att hans familj kan komma till Sverige och Nedal hoppas p\u00e5 att han ska f\u00e5 uppeh\u00e5llstillst\u00e5nd. Till sist f\u00e5r de avg\u00f6rande besked. K\u00f6ren The Rocking Pots f\u00e5r en upplevelse f\u00f6r livet n\u00e4r de f\u00e5r chansen att sjunga med Tomas Ledin, berattar ett pressmeddelande. <\/p>\n<p>Avsnitt 2 av K\u00e4nn dig som hemma s\u00e4nds p\u00e5 torsdag 5 maj kl 21.00 i SVT1<\/p>\n<p>Premi\u00e4ravsnittet s\u00e4nds imorgon torsdag 28 april kl 21.00 i SVT1 <\/p>\n","protected":false},"excerpt":{"rendered":"<p>Avsnitt 2 av dokument\u00e4rserien K\u00e4nn dig som hemma: Hela tiden kommer det nya bussar med asyls\u00f6kande till Grytans flyktingf\u00f6rl\u00e4ggning och det oavl\u00f6nade arbetet b\u00f6rjar ta ut sin r\u00e4tt p\u00e5 Emma, som driver organisationen Hej Fr\u00e4mling. Den ovissa v\u00e4ntan \u00e4r tuff f\u00f6r Wazir och Nedal. Om Wazir f\u00e5r jobb \u00e4r chansen st\u00f6rre att hans familj kan [&hellip;]<\/p>\n","protected":false},"author":13,"featured_media":0,"comment_status":"open","ping_status":"open","sticky":false,"template":"","format":"standard","meta":{"_genesis_hide_title":false,"_genesis_hide_breadcrumbs":false,"_genesis_hide_singular_image":false,"_genesis_hide_footer_widgets":false,"_genesis_custom_body_class":"","_genesis_custom_post_class":"","_genesis_layout":"","footnotes":""},"categories":[7],"tags":[1786,12813,7135],"class_list":{"0":"post-101602","1":"post","2":"type-post","3":"status-publish","4":"format-standard","6":"category-musik","7":"tag-flyktingar","8":"tag-grytan","9":"tag-tomas-ledin","10":"entry"},"_links":{"self":[{"href":"https:\/\/kulturbloggen.com\/index.php?rest_route=\/wp\/v2\/posts\/101602","targetHints":{"allow":["GET"]}}],"collection":[{"href":"https:\/\/kulturbloggen.com\/index.php?rest_route=\/wp\/v2\/posts"}],"about":[{"href":"https:\/\/kulturbloggen.com\/index.php?rest_route=\/wp\/v2\/types\/post"}],"author":[{"embeddable":true,"href":"https:\/\/kulturbloggen.com\/index.php?rest_route=\/wp\/v2\/users\/13"}],"replies":[{"embeddable":true,"href":"https:\/\/kulturbloggen.com\/index.php?rest_route=%2Fwp%2Fv2%2Fcomments&post=101602"}],"version-history":[{"count":1,"href":"https:\/\/kulturbloggen.com\/index.php?rest_route=\/wp\/v2\/posts\/101602\/revisions"}],"predecessor-version":[{"id":101604,"href":"https:\/\/kulturbloggen.com\/index.php?rest_route=\/wp\/v2\/posts\/101602\/revisions\/101604"}],"wp:attachment":[{"href":"https:\/\/kulturbloggen.com\/index.php?rest_route=%2Fwp%2Fv2%2Fmedia&parent=101602"}],"wp:term":[{"taxonomy":"category","embeddable":true,"href":"https:\/\/kulturbloggen.com\/index.php?rest_route=%2Fwp%2Fv2%2Fcategories&post=101602"},{"taxonomy":"post_tag","embeddable":true,"href":"https:\/\/kulturbloggen.com\/index.php?rest_route=%2Fwp%2Fv2%2Ftags&post=101602"}],"curies":[{"name":"wp","href":"https:\/\/api.w.org\/{rel}","templated":true}]}}