{"id":101383,"date":"2016-04-19T15:02:44","date_gmt":"2016-04-19T14:02:44","guid":{"rendered":"http:\/\/kulturbloggen.com\/?p=101383"},"modified":"2016-04-19T15:04:24","modified_gmt":"2016-04-19T14:04:24","slug":"filmrecension-profeten-antligen-har-en-av-varldens-vackraste-andliga-bocker-blivit-film","status":"publish","type":"post","link":"https:\/\/kulturbloggen.com\/?p=101383","title":{"rendered":"Filmrecension: Profeten &#8211; \u00e4ntligen har en av v\u00e4rldens vackraste andliga b\u00f6cker blivit film"},"content":{"rendered":"<p><a href=\"http:\/\/kulturbloggen.com\/wp-content\/uploads\/2016\/04\/profeten.jpg\"><img loading=\"lazy\" decoding=\"async\" src=\"http:\/\/kulturbloggen.com\/wp-content\/uploads\/2016\/04\/profeten-210x300.jpg\" alt=\"profeten\" width=\"210\" height=\"300\" class=\"aligncenter size-medium wp-image-101398\" srcset=\"https:\/\/kulturbloggen.com\/wp-content\/uploads\/2016\/04\/profeten-210x300.jpg 210w, https:\/\/kulturbloggen.com\/wp-content\/uploads\/2016\/04\/profeten.jpg 600w\" sizes=\"auto, (max-width: 210px) 100vw, 210px\" \/><\/a><\/p>\n<p><strong>Profeten<\/strong><br \/>\nBetyg 4<br \/>\nSvensk biopremi\u00e4r 22 april 2016<\/p>\n<p>Profeten \u00e4r en av v\u00e5r tids mest citerade b\u00f6cker. Vid snart varje dop och br\u00f6llop l\u00e4ser man h\u00f6gt ur Kahlil Gibrans m\u00e4sterverk. Den \u00e4r idag \u00f6versatt till \u00f6ver 20 spr\u00e5k och har sedan den f\u00f6rst publicerades 1923 st\u00e4ndigt funnits p\u00e5 listan \u00f6ver de mest s\u00e5lda och \u00e4lskade b\u00f6ckerna v\u00e4rlden \u00f6ver.<\/p>\n<p>Filosofin i Profeten har l\u00e4sts och \u00e4lskats av flera miljoner. Tankarna om att vi inte \u00e4ger v\u00e5ra barn, tankarna om att alltid vara fria m\u00e4nniskor ocks\u00e5 i ett \u00e4ktenskap &#8230; <\/p>\n<p><a href=\"http:\/\/kulturbloggen.com\/wp-content\/uploads\/2016\/04\/profeten2.jpg\"><img loading=\"lazy\" decoding=\"async\" src=\"http:\/\/kulturbloggen.com\/wp-content\/uploads\/2016\/04\/profeten2-300x169.jpg\" alt=\"profeten2\" width=\"300\" height=\"169\" class=\"alignright size-medium wp-image-101470\" srcset=\"https:\/\/kulturbloggen.com\/wp-content\/uploads\/2016\/04\/profeten2-300x169.jpg 300w, https:\/\/kulturbloggen.com\/wp-content\/uploads\/2016\/04\/profeten2.jpg 684w\" sizes=\"auto, (max-width: 300px) 100vw, 300px\" \/><\/a>Att g\u00f6ra film en en s\u00e5 filosofiska och andlig bok \u00e4r v\u00e4l egentligen om\u00f6jligt. Men Roger Allers har v\u00e5gat sig p\u00e5 detta. Han \u00e4r s\u00e5v\u00e4l huvudregiss\u00f6r som manusf\u00f6rfattare. Roger Allers \u00e4r en erfaren regiss\u00f6r, han regisserade en av alla tiders mest \u00e4lskade animerade publikframg\u00e5ngar \u2013 Disneys Lejonkungen.<\/p>\n<p>Profeten \u00e4r dock n\u00e5got helt annat. Det \u00e4r inte en ber\u00e4ttelse utan mer en slags predikan som Jesus Bergspredikan, tankar om konsten att leva. Roger Allers har valt att skildra denna fantastiska bok i en animerad film d\u00e4r han lagt p\u00e5 en handling. Handlingen kretsar kring den ensamst\u00e5ende mamman Kamila och hennes livliga och oerh\u00f6rt nyfikna och ganska busiga dotter Almitra i en by vid Medelhavet. Kamila arbetar som hush\u00e5llerska hos Mustafa, en konstn\u00e4r och poet som sedan m\u00e5nga \u00e5r lever i exil p\u00e5 grund av sin politiska aktivism. <\/p>\n<p>En dag kommer en sergeant till Mustafa och ber\u00e4ttar att han nu \u00e4r en fri man och att han genast ska \u00e5ka tillbaka till sitt hemland. Mustafa p\u00e5b\u00f6rjar resan till skeppet som ska ta honom hem med Kamilla och Almitra hack i h\u00e4larna. Men resan blir inte riktigt som t\u00e4nkt. Mustafa vandrar genom den lilla staden tillsammans med sina vakter, p\u00e5 v\u00e4g till skeppet som ska f\u00f6ra honom hem. L\u00e4ngs v\u00e4gen m\u00f6ter de befolkningen som \u00e4r \u00f6verlyckliga \u00f6ver att hans sl\u00e4ppts fri. Det blir flera topp l\u00e4ngs v\u00e4gen d\u00e4r Mustafa f\u00e5r ber\u00e4tta sina tankar, som \u00e4r direkt tagna ur boken Profeten. Det \u00e4r vackert, starkt, sorgligt och f\u00e4ngslande.<\/p>\n<p>Regiss\u00f6ren har lyckats gifta samman Profeten med en ber\u00e4ttelse om makthavares r\u00e4dsla f\u00f6r sanningen och skr\u00e4ck f\u00f6r folket.<\/p>\n<p>Kahlil Gibrans Profeten gavs ut 1923 och \u00e4r en av historiens mest s\u00e5lda b\u00f6cker. Den har legat p\u00e5 den internationella bestsellerlistan i otroliga 50 \u00e5r och har i dag s\u00e5lt i elva miljoner exemplar v\u00e4rlden \u00f6ver.<\/p>\n<p>Liam Neeson g\u00f6r r\u00f6sten till Mustafa och Salma Hayek (som ocks\u00e5 \u00e4r en av filmens producenter) g\u00f6r den till Kamila i denna poetiska lovs\u00e5ng till frihet och medm\u00e4nsklighet i 2D-animerad form.<\/p>\n<p>Lita fakta om Kahlil Gibran, f\u00f6rfattaren till boken:<\/p>\n<p>Khalil eller Kahlil Gibran (egentligen: Jibran Khalil Jibran), f\u00f6dd 6 januari 1883 i Bsharri i Libanon, d\u00f6d 10 april 1931 i New York i New York, var en libanesisk-amerikansk konstn\u00e4r och f\u00f6rfattare. Han \u00e4r mest k\u00e4nd f\u00f6r de tv\u00e5 andliga poetisk-prosaiska verken The Prophet (Profeten, 1923), och Jesus, the Son of Man (Jesus m\u00e4nniskoson, 1928).<\/p>\n<p><iframe loading=\"lazy\" width=\"560\" height=\"315\" src=\"https:\/\/www.youtube.com\/embed\/h9dY5zkwK5M\" frameborder=\"0\" allowfullscreen><\/iframe><\/p>\n","protected":false},"excerpt":{"rendered":"<p>Profeten Betyg 4 Svensk biopremi\u00e4r 22 april 2016 Profeten \u00e4r en av v\u00e5r tids mest citerade b\u00f6cker. Vid snart varje dop och br\u00f6llop l\u00e4ser man h\u00f6gt ur Kahlil Gibrans m\u00e4sterverk. Den \u00e4r idag \u00f6versatt till \u00f6ver 20 spr\u00e5k och har sedan den f\u00f6rst publicerades 1923 st\u00e4ndigt funnits p\u00e5 listan \u00f6ver de mest s\u00e5lda och \u00e4lskade [&hellip;]<\/p>\n","protected":false},"author":2,"featured_media":0,"comment_status":"open","ping_status":"open","sticky":false,"template":"","format":"standard","meta":{"_genesis_hide_title":false,"_genesis_hide_breadcrumbs":false,"_genesis_hide_singular_image":false,"_genesis_hide_footer_widgets":false,"_genesis_custom_body_class":"","_genesis_custom_post_class":"","_genesis_layout":"","footnotes":""},"categories":[50,51,16,20],"tags":[12777,1738,12775,12776,12286],"class_list":{"0":"post-101383","1":"post","2":"type-post","3":"status-publish","4":"format-standard","6":"category-filmfilm","7":"category-filmer","8":"category-recension","9":"category-film","10":"tag-andlighet","11":"tag-filmrecension","12":"tag-kahlil-gibran","13":"tag-profeten","14":"tag-film","15":"entry"},"_links":{"self":[{"href":"https:\/\/kulturbloggen.com\/index.php?rest_route=\/wp\/v2\/posts\/101383","targetHints":{"allow":["GET"]}}],"collection":[{"href":"https:\/\/kulturbloggen.com\/index.php?rest_route=\/wp\/v2\/posts"}],"about":[{"href":"https:\/\/kulturbloggen.com\/index.php?rest_route=\/wp\/v2\/types\/post"}],"author":[{"embeddable":true,"href":"https:\/\/kulturbloggen.com\/index.php?rest_route=\/wp\/v2\/users\/2"}],"replies":[{"embeddable":true,"href":"https:\/\/kulturbloggen.com\/index.php?rest_route=%2Fwp%2Fv2%2Fcomments&post=101383"}],"version-history":[{"count":6,"href":"https:\/\/kulturbloggen.com\/index.php?rest_route=\/wp\/v2\/posts\/101383\/revisions"}],"predecessor-version":[{"id":101471,"href":"https:\/\/kulturbloggen.com\/index.php?rest_route=\/wp\/v2\/posts\/101383\/revisions\/101471"}],"wp:attachment":[{"href":"https:\/\/kulturbloggen.com\/index.php?rest_route=%2Fwp%2Fv2%2Fmedia&parent=101383"}],"wp:term":[{"taxonomy":"category","embeddable":true,"href":"https:\/\/kulturbloggen.com\/index.php?rest_route=%2Fwp%2Fv2%2Fcategories&post=101383"},{"taxonomy":"post_tag","embeddable":true,"href":"https:\/\/kulturbloggen.com\/index.php?rest_route=%2Fwp%2Fv2%2Ftags&post=101383"}],"curies":[{"name":"wp","href":"https:\/\/api.w.org\/{rel}","templated":true}]}}