{"id":10106,"date":"2009-06-03T13:57:21","date_gmt":"2009-06-03T11:57:21","guid":{"rendered":"http:\/\/kulturbloggen.com\/?p=10106"},"modified":"2009-06-03T13:57:21","modified_gmt":"2009-06-03T11:57:21","slug":"alex-schulman-ende-bloggaren-i-sommar-plus-for-kamprad-som-sommarpratare","status":"publish","type":"post","link":"https:\/\/kulturbloggen.com\/?p=10106","title":{"rendered":"Alex Schulman, ende bloggaren i Sommar &#8211; plus f\u00f6r Kamprad som sommarpratare"},"content":{"rendered":"<p><img loading=\"lazy\" decoding=\"async\" src=\"http:\/\/sodergren.com\/kulturbloggen\/wp-content\/uploads\/2009\/06\/alexschulman290.jpg\" alt=\"alexschulman290\" title=\"alexschulman290\" width=\"290\" height=\"200\" class=\"aligncenter size-full wp-image-10108\" \/><br \/>\nIngvar Kamprad, Ikeas grundare, inleder \u00e5rets f\u00f6rsta Sommar 20 juni. Traditionella medier var inbjudna p\u00e5 en presstr\u00e4ff med 2009 \u00e5rs sommarpratare. Programmet Sommar firar 50 \u00e5r i \u00e5r. Det \u00e4r en diger skara k\u00e4ndisar som ska h\u00e5lla liv i programmet. Men upps\u00e4ttningen k\u00e4nns \u00e4nd\u00e5 sig liv trots n\u00e5gra nya namn som Alex Schulman och Arash, som blev trea i Melodifestivalens final i Moskva.<br \/>\nFr\u00e5gan \u00e4r om det r\u00e4cker att rada upp n\u00e5gra nya intressanta personer. Sommar \u00e4r ett program som inte alls har den status och lyssnarskara som det hade d\u00e5, f\u00f6r 30-40 \u00e5r sedan.<br \/>\n<!--more--><br \/>\nH\u00e4r \u00e4r listan \u00f6ver \u00e5rets sommarpratare:<br \/>\n20 Ingvar Kamprad, Ikeas grundare<\/p>\n<p>21 Tomas Ledin, artist<\/p>\n<p>22 Hanna Hellquist, f\u00f6rfattaren och kr\u00f6nik\u00f6r<\/p>\n<p>23 Helena von Zweigbergk, f\u00f6rfattare<\/p>\n<p>24 Alexander Stubb, Finlands utrikesminister<\/p>\n<p>25 Malin \u00c5kerman, sk\u00e5despelare<\/p>\n<p>26 Kjell L\u00f6nn\u00e5, k\u00f6rledare<\/p>\n<p>27 Linda Olsson, f\u00f6rfattare<\/p>\n<p>28 Eric Bibb, musiker<\/p>\n<p>29 Hans Alfredson, f\u00f6rfattare och regiss\u00f6r<\/p>\n<p>30 Sofia Jannok, musiker<\/p>\n<p>Juni<\/p>\n<p>1 Erika Bjerstr\u00f6m, journalist<\/p>\n<p>2 Joe Labero, magiker<\/p>\n<p>3 Cecilia Frode, sk\u00e5despelare<\/p>\n<p>4 Lena Philipsson, artist<\/p>\n<p>5 Herman Lindqvist, f\u00f6rfattare<\/p>\n<p>6 Jonas Gahr St\u00f6re, Norges utrikesminister<\/p>\n<p>7 Nour El-Refai, komiker<\/p>\n<p>8 Roger Wallis, professor och musikproducent<\/p>\n<p>9 Malin Baryard-Johnsson, t\u00e4vlingsryttare<\/p>\n<p>10 Christian Lindberg, musiker<\/p>\n<p>11 Jonas Bj\u00f6rkman, tennisspelare<\/p>\n<p>12 Prinsessan Birgitta<\/p>\n<p>13 Sara Paborn, f\u00f6rfattare<\/p>\n<p>14 Katerina Janouch, f\u00f6rfattare och sexr\u00e5dgivare<\/p>\n<p>15 H\u00e5kan Nilsson, vinnaren av Lyssnarnas sommar<\/p>\n<p>16 Ann Heberlein, f\u00f6rfattare och etikforskare<\/p>\n<p>17 Elizabeth Gummesson, f\u00f6rel\u00e4sare<\/p>\n<p>18 Kristian Luuk, programledare<\/p>\n<p>19 Per Olov Enquist, f\u00f6rfattare<\/p>\n<p>20 Madeleine Westin, meteorolog<\/p>\n<p>21 Johan Lindeberg, modedesigner<\/p>\n<p>22 Lasse Berg, f\u00f6rfattare och dokument\u00e4rfilmare<\/p>\n<p>23 Malin S\u00e4vstam, f\u00f6rfattare och civilekonom<\/p>\n<p>24 Kerstin Hessius, vd Tredje AP-fonden<\/p>\n<p>25 Morgan Alling, sk\u00e5despelare<\/p>\n<p>26 Ola Salo, artist<\/p>\n<p>27 Petra Mede, komiker<\/p>\n<p>28 Arash Labaf, artist<\/p>\n<p>29 Mathias Dahlgren, kr\u00f6gare<\/p>\n<p>30 Laleh Pourkarim, artist<\/p>\n<p>31 Peter Englund, f\u00f6rfattare och st\u00e4ndig sekreterare i Svenska Akademien<\/p>\n<p>Augusti<\/p>\n<p>1 Alex Schulman, medieentrepren\u00f6r och bloggare<\/p>\n<p>2 Anders Wall, finansman<\/p>\n<p>3 Sverre Sj\u00f6lander, zoolog och f\u00f6rfattare<\/p>\n<p>4 Anne Sofie von Otter, mezzosopran<\/p>\n<p>5 Jerry Williams, artist<\/p>\n<p>6 Johan Eliasch, aff\u00e4rsman<\/p>\n<p>7 J\u00f6rn Donner, f\u00f6rfattare och politiker<\/p>\n<p>8 Bodil Malmsten, f\u00f6rfattare<\/p>\n<p>9 Anders Lundin, programledare och artist<\/p>\n<p>10 Nahid Persson Sarvestani, dokument\u00e4rfilmare<\/p>\n<p>11 Owe Th\u00f6rnqvist, artist<\/p>\n<p>12 Frida Hyv\u00f6nen, artist<\/p>\n<p>13 G\u00fcnther Graffenberger, journalist och f\u00f6rfattare<\/p>\n<p>14 Laila Bagge, talangscout och &#8221;Idol&#8221;-jurymedlem<\/p>\n<p>15 Jan Guillou, f\u00f6rfattare<\/p>\n<p>16 Sommar 2009 i backspegeln<\/p>\n<p>Och ja, jag tycker det \u00e4r att s\u00e4nda med dubbelt budskap: Att f\u00f6r f\u00f6rsta g\u00e5ngen ha med en bloggare som sommarpratare, men inte bjuda in bloggare till presskonferensen. Fr\u00e5gan \u00e4r ju om Schulman egentligen \u00e4r bloggare, han l\u00e4nkar aldrig till andra och anv\u00e4nder \u00e4nd\u00e5 bloggen mest som om det var vilket gammelmedia-verktyg som helst.<\/p>\n<p>Men: n\u00e5gra grepp \u00e4r kul. Att Ikeas grundare Kamprad ska sommarprata, det \u00e4r coolt. N\u00e5gra andra namn \u00e4r ocks\u00e5 bra tecken p\u00e5 att Sommar har koll p\u00e5 vilka som \u00e4r intressanta nu. <\/p>\n<p>Relaterat:<br \/>\n<a href=\"     http:\/\/www.svd.se\/nyheter\/inrikes\/artikel_3001901.svd\">Svenska Dagbladet<\/a>, <a href=\"http:\/\/www.dn.se\/kultur-noje\/film-tv\/sommarvardarna-2009-hela-listan-1.882828\">Dagens Nyheter<\/a>, <a href=\"http:\/\/www.expressen.se\/noje\/1.1593130\/har-ar-arets-sommarvardar#\">Expressen<\/a>, <a href=\"http:\/\/www.aftonbladet.se\/nyheter\/article5297450.ab\">Aftonbladet.<\/a><\/p>\n<p><img loading=\"lazy\" decoding=\"async\" src=\"http:\/\/sodergren.com\/kulturbloggen\/wp-content\/uploads\/2009\/06\/schulman600.jpg\" alt=\"schulman600\" title=\"schulman600\" width=\"600\" height=\"200\" class=\"aligncenter size-full wp-image-10109\" \/><\/p>\n<p>Andra bloggar om: <a href=\"http:\/\/bloggar.se\/om\/Sommar\" rel=\"tag\">Sommar<\/a>, <a href=\"http:\/\/bloggar.se\/om\/radio\" rel=\"tag\">radio<\/a>, <a href=\"http:\/\/bloggar.se\/om\/bloggare\" rel=\"tag\">bloggare<\/a>, <a href=\"http:\/\/bloggar.se\/om\/Kamprad\" rel=\"tag\">Kamprad<\/a>, <a href=\"http:\/\/bloggar.se\/om\/Ikea\" rel=\"tag\">Ikea<\/a>, <a href=\"http:\/\/bloggar.se\/om\/Schulman\" rel=\"tag\">Schulman<\/a>, <a href=\"http:\/\/bloggar.se\/om\/Laila+Bagge\" rel=\"tag\">Laila Bagge<\/a>, <a href=\"http:\/\/bloggar.se\/om\/sommarpratare\" rel=\"tag\">sommarpratare<\/a><\/p>\n","protected":false},"excerpt":{"rendered":"<p>Ingvar Kamprad, Ikeas grundare, inleder \u00e5rets f\u00f6rsta Sommar 20 juni. Traditionella medier var inbjudna p\u00e5 en presstr\u00e4ff med 2009 \u00e5rs sommarpratare. Programmet Sommar firar 50 \u00e5r i \u00e5r. Det \u00e4r en diger skara k\u00e4ndisar som ska h\u00e5lla liv i programmet. Men upps\u00e4ttningen k\u00e4nns \u00e4nd\u00e5 sig liv trots n\u00e5gra nya namn som Alex Schulman och Arash, [&hellip;]<\/p>\n","protected":false},"author":2,"featured_media":0,"comment_status":"open","ping_status":"open","sticky":false,"template":"","format":"standard","meta":{"_genesis_hide_title":false,"_genesis_hide_breadcrumbs":false,"_genesis_hide_singular_image":false,"_genesis_hide_footer_widgets":false,"_genesis_custom_body_class":"","_genesis_custom_post_class":"","_genesis_layout":"","footnotes":""},"categories":[20],"tags":[720,4623,5257],"class_list":{"0":"post-10106","1":"post","2":"type-post","3":"status-publish","4":"format-standard","6":"category-film","7":"tag-bloggare","8":"tag-radio","9":"tag-sommar","10":"entry"},"_links":{"self":[{"href":"https:\/\/kulturbloggen.com\/index.php?rest_route=\/wp\/v2\/posts\/10106","targetHints":{"allow":["GET"]}}],"collection":[{"href":"https:\/\/kulturbloggen.com\/index.php?rest_route=\/wp\/v2\/posts"}],"about":[{"href":"https:\/\/kulturbloggen.com\/index.php?rest_route=\/wp\/v2\/types\/post"}],"author":[{"embeddable":true,"href":"https:\/\/kulturbloggen.com\/index.php?rest_route=\/wp\/v2\/users\/2"}],"replies":[{"embeddable":true,"href":"https:\/\/kulturbloggen.com\/index.php?rest_route=%2Fwp%2Fv2%2Fcomments&post=10106"}],"version-history":[{"count":0,"href":"https:\/\/kulturbloggen.com\/index.php?rest_route=\/wp\/v2\/posts\/10106\/revisions"}],"wp:attachment":[{"href":"https:\/\/kulturbloggen.com\/index.php?rest_route=%2Fwp%2Fv2%2Fmedia&parent=10106"}],"wp:term":[{"taxonomy":"category","embeddable":true,"href":"https:\/\/kulturbloggen.com\/index.php?rest_route=%2Fwp%2Fv2%2Fcategories&post=10106"},{"taxonomy":"post_tag","embeddable":true,"href":"https:\/\/kulturbloggen.com\/index.php?rest_route=%2Fwp%2Fv2%2Ftags&post=10106"}],"curies":[{"name":"wp","href":"https:\/\/api.w.org\/{rel}","templated":true}]}}