{"id":100940,"date":"2016-03-23T17:21:04","date_gmt":"2016-03-23T16:21:04","guid":{"rendered":"http:\/\/kulturbloggen.com\/?p=100940"},"modified":"2016-03-23T17:21:04","modified_gmt":"2016-03-23T16:21:04","slug":"marissa-nadler-delar-med-sig-av-musikvideo-till-all-the-colors-of-the-dark","status":"publish","type":"post","link":"https:\/\/kulturbloggen.com\/?p=100940","title":{"rendered":"Marissa Nadler delar med sig av musikvideo till All the Colors of the Dark"},"content":{"rendered":"<p><a href=\"http:\/\/kulturbloggen.com\/?attachment_id=100941\" rel=\"attachment wp-att-100941\"><img loading=\"lazy\" decoding=\"async\" class=\"aligncenter size-medium wp-image-100941\" src=\"http:\/\/kulturbloggen.com\/wp-content\/uploads\/2016\/03\/marissa-278x300.jpg\" alt=\"marissa\" width=\"278\" height=\"300\" srcset=\"https:\/\/kulturbloggen.com\/wp-content\/uploads\/2016\/03\/marissa-278x300.jpg 278w, https:\/\/kulturbloggen.com\/wp-content\/uploads\/2016\/03\/marissa.jpg 658w\" sizes=\"auto, (max-width: 278px) 100vw, 278px\" \/><\/a><\/p>\n<p>Efter att ha delat med sig av <em>Janie in Love<\/em> som f\u00f6rsta smakrov fr\u00e5n kommande albumet <em>Strangers<\/em>, som sl\u00e4pps den 20 maj, t\u00e4cker\u00a0Marissa Nadler nu \u00e4ven av en passande svartvit musikvideo till det atmosf\u00e4riska albumsp\u00e5ret <em>All the Colors of the Dark<\/em> som du kan se h\u00e4r nedan:<\/p>\n<p><iframe loading=\"lazy\" src=\"https:\/\/www.youtube.com\/embed\/JWO7Vg7wpyU\" width=\"560\" height=\"315\" frameborder=\"0\" allowfullscreen=\"allowfullscreen\"><\/iframe><\/p>\n","protected":false},"excerpt":{"rendered":"<p>Efter att ha delat med sig av Janie in Love som f\u00f6rsta smakrov fr\u00e5n kommande albumet Strangers, som sl\u00e4pps den 20 maj, t\u00e4cker\u00a0Marissa Nadler nu \u00e4ven av en passande svartvit musikvideo till det atmosf\u00e4riska albumsp\u00e5ret All the Colors of the Dark som du kan se h\u00e4r nedan:<\/p>\n","protected":false},"author":3,"featured_media":0,"comment_status":"open","ping_status":"open","sticky":false,"template":"","format":"standard","meta":{"_genesis_hide_title":false,"_genesis_hide_breadcrumbs":false,"_genesis_hide_singular_image":false,"_genesis_hide_footer_widgets":false,"_genesis_custom_body_class":"","_genesis_custom_post_class":"","_genesis_layout":"","footnotes":""},"categories":[7],"tags":[12723,10905],"class_list":{"0":"post-100940","1":"post","2":"type-post","3":"status-publish","4":"format-standard","6":"category-musik","7":"tag-all-the-colors-of-the-dark","8":"tag-marissa-nadler","9":"entry"},"_links":{"self":[{"href":"https:\/\/kulturbloggen.com\/index.php?rest_route=\/wp\/v2\/posts\/100940","targetHints":{"allow":["GET"]}}],"collection":[{"href":"https:\/\/kulturbloggen.com\/index.php?rest_route=\/wp\/v2\/posts"}],"about":[{"href":"https:\/\/kulturbloggen.com\/index.php?rest_route=\/wp\/v2\/types\/post"}],"author":[{"embeddable":true,"href":"https:\/\/kulturbloggen.com\/index.php?rest_route=\/wp\/v2\/users\/3"}],"replies":[{"embeddable":true,"href":"https:\/\/kulturbloggen.com\/index.php?rest_route=%2Fwp%2Fv2%2Fcomments&post=100940"}],"version-history":[{"count":1,"href":"https:\/\/kulturbloggen.com\/index.php?rest_route=\/wp\/v2\/posts\/100940\/revisions"}],"predecessor-version":[{"id":100942,"href":"https:\/\/kulturbloggen.com\/index.php?rest_route=\/wp\/v2\/posts\/100940\/revisions\/100942"}],"wp:attachment":[{"href":"https:\/\/kulturbloggen.com\/index.php?rest_route=%2Fwp%2Fv2%2Fmedia&parent=100940"}],"wp:term":[{"taxonomy":"category","embeddable":true,"href":"https:\/\/kulturbloggen.com\/index.php?rest_route=%2Fwp%2Fv2%2Fcategories&post=100940"},{"taxonomy":"post_tag","embeddable":true,"href":"https:\/\/kulturbloggen.com\/index.php?rest_route=%2Fwp%2Fv2%2Ftags&post=100940"}],"curies":[{"name":"wp","href":"https:\/\/api.w.org\/{rel}","templated":true}]}}