{"id":100916,"date":"2016-03-22T10:54:40","date_gmt":"2016-03-22T09:54:40","guid":{"rendered":"http:\/\/kulturbloggen.com\/?p=100916"},"modified":"2016-03-22T10:55:57","modified_gmt":"2016-03-22T09:55:57","slug":"veronica-maggio-spelar-pa-stadion","status":"publish","type":"post","link":"https:\/\/kulturbloggen.com\/?p=100916","title":{"rendered":"Veronica Maggio spelar p\u00e5 Stadion"},"content":{"rendered":"<p><a href=\"http:\/\/kulturbloggen.com\/wp-content\/uploads\/2016\/03\/maggiomaggio.jpg\" rel=\"attachment wp-att-100918\"><img loading=\"lazy\" decoding=\"async\" src=\"http:\/\/kulturbloggen.com\/wp-content\/uploads\/2016\/03\/maggiomaggio-300x187.jpg\" alt=\"maggiomaggio\" width=\"300\" height=\"187\" class=\"aligncenter size-medium wp-image-100918\" \/><\/a><\/p>\n<p>Det \u00e4r tio \u00e5r sedan Veronica Maggio debuterade som artist. Det firar hon med sin st\u00f6rsta spelning n\u00e5gonsin.<br \/>\nS\u00e5ngerskan intar Stockholms stadion i sommar, skriver Expressen och <a href=\"http:\/\/www.aftonbladet.se\/nojesbladet\/musik\/rockbjornen\/article22488585.ab\">Aftonbladet<\/a>.<\/p>\n<p><a href=\"http:\/\/kulturbloggen.com\/wp-content\/uploads\/2014\/08\/maggio5.jpg\" rel=\"attachment wp-att-86274\"><img loading=\"lazy\" decoding=\"async\" src=\"http:\/\/kulturbloggen.com\/wp-content\/uploads\/2014\/08\/maggio5-300x187.jpg\" alt=\"maggio5\" width=\"300\" height=\"187\" class=\"aligncenter size-medium wp-image-86274\" srcset=\"https:\/\/kulturbloggen.com\/wp-content\/uploads\/2014\/08\/maggio5-300x187.jpg 300w, https:\/\/kulturbloggen.com\/wp-content\/uploads\/2014\/08\/maggio5.jpg 960w\" sizes=\"auto, (max-width: 300px) 100vw, 300px\" \/><\/a><\/p>\n<p><iframe loading=\"lazy\" width=\"560\" height=\"315\" src=\"https:\/\/www.youtube.com\/embed\/bNgSDnqnHKk\" frameborder=\"0\" allowfullscreen><\/iframe><\/p>\n","protected":false},"excerpt":{"rendered":"<p>Det \u00e4r tio \u00e5r sedan Veronica Maggio debuterade som artist. Det firar hon med sin st\u00f6rsta spelning n\u00e5gonsin. S\u00e5ngerskan intar Stockholms stadion i sommar, skriver Expressen och Aftonbladet.<\/p>\n","protected":false},"author":13,"featured_media":0,"comment_status":"open","ping_status":"open","sticky":false,"template":"","format":"standard","meta":{"_genesis_hide_title":false,"_genesis_hide_breadcrumbs":false,"_genesis_hide_singular_image":false,"_genesis_hide_footer_widgets":false,"_genesis_custom_body_class":"","_genesis_custom_post_class":"","_genesis_layout":"","footnotes":""},"categories":[7],"tags":[6216],"class_list":{"0":"post-100916","1":"post","2":"type-post","3":"status-publish","4":"format-standard","6":"category-musik","7":"tag-veronica-maggio","8":"entry"},"_links":{"self":[{"href":"https:\/\/kulturbloggen.com\/index.php?rest_route=\/wp\/v2\/posts\/100916","targetHints":{"allow":["GET"]}}],"collection":[{"href":"https:\/\/kulturbloggen.com\/index.php?rest_route=\/wp\/v2\/posts"}],"about":[{"href":"https:\/\/kulturbloggen.com\/index.php?rest_route=\/wp\/v2\/types\/post"}],"author":[{"embeddable":true,"href":"https:\/\/kulturbloggen.com\/index.php?rest_route=\/wp\/v2\/users\/13"}],"replies":[{"embeddable":true,"href":"https:\/\/kulturbloggen.com\/index.php?rest_route=%2Fwp%2Fv2%2Fcomments&post=100916"}],"version-history":[{"count":3,"href":"https:\/\/kulturbloggen.com\/index.php?rest_route=\/wp\/v2\/posts\/100916\/revisions"}],"predecessor-version":[{"id":100920,"href":"https:\/\/kulturbloggen.com\/index.php?rest_route=\/wp\/v2\/posts\/100916\/revisions\/100920"}],"wp:attachment":[{"href":"https:\/\/kulturbloggen.com\/index.php?rest_route=%2Fwp%2Fv2%2Fmedia&parent=100916"}],"wp:term":[{"taxonomy":"category","embeddable":true,"href":"https:\/\/kulturbloggen.com\/index.php?rest_route=%2Fwp%2Fv2%2Fcategories&post=100916"},{"taxonomy":"post_tag","embeddable":true,"href":"https:\/\/kulturbloggen.com\/index.php?rest_route=%2Fwp%2Fv2%2Ftags&post=100916"}],"curies":[{"name":"wp","href":"https:\/\/api.w.org\/{rel}","templated":true}]}}