{"id":100857,"date":"2016-03-26T12:14:24","date_gmt":"2016-03-26T11:14:24","guid":{"rendered":"http:\/\/kulturbloggen.com\/?p=100857"},"modified":"2016-03-26T12:14:24","modified_gmt":"2016-03-26T11:14:24","slug":"christian-gabel-tillbaka-med-album-med-thastrom-som-gastartist-lyssna-har","status":"publish","type":"post","link":"https:\/\/kulturbloggen.com\/?p=100857","title":{"rendered":"Christian Gabel tillbaka med album med Th\u00e5str\u00f6m som g\u00e4startist &#8211; lyssna h\u00e4r"},"content":{"rendered":"<p><a href=\"http:\/\/kulturbloggen.com\/wp-content\/uploads\/2016\/03\/gabel.jpg\" rel=\"attachment wp-att-100950\"><img loading=\"lazy\" decoding=\"async\" src=\"http:\/\/kulturbloggen.com\/wp-content\/uploads\/2016\/03\/gabel.jpg\" alt=\"gabel\" width=\"450\" height=\"676\" class=\"aligncenter size-full wp-image-100950\" srcset=\"https:\/\/kulturbloggen.com\/wp-content\/uploads\/2016\/03\/gabel.jpg 450w, https:\/\/kulturbloggen.com\/wp-content\/uploads\/2016\/03\/gabel-200x300.jpg 200w\" sizes=\"auto, (max-width: 450px) 100vw, 450px\" \/><\/a><\/p>\n<p>Christian Gabel har efter \u00e5tta \u00e5r \u00e5terupptagit sitt projekt 1900. Han \u00e4r tillbaka med ett nytt album som d\u00f6pts till &#8221;Tekno&#8221; och som sl\u00e4pps den 30 mars och precis som f\u00f6rra g\u00e5ngen anv\u00e4nds endast gamla instrument och rullbandspelare f\u00f6r inspelningen. P\u00e5 albumet medverkar bland annat Th\u00e5str\u00f6m och Ossler.<\/p>\n<p>Sedan senaste albumet har mycket h\u00e4nt. Christian har bland annat blivit medlem i bob hund, turnerat och spelat in med Th\u00e5str\u00f6m, Conny Nimmersj\u00f6, Annika Norlin och flertalet andra. <\/p>\n<p>H\u00e4r \u00e4r singeln tillsammans med Th\u00e5str\u00f6m.<\/p>\n<p><iframe loading=\"lazy\" src=\"https:\/\/embed.spotify.com\/?uri=spotify%3Aalbum%3A1BnPjkwAlP0ut65XOeTwH7\" width=\"300\" height=\"380\" frameborder=\"0\" allowtransparency=\"true\"><\/iframe><\/p>\n","protected":false},"excerpt":{"rendered":"<p>Christian Gabel har efter \u00e5tta \u00e5r \u00e5terupptagit sitt projekt 1900. Han \u00e4r tillbaka med ett nytt album som d\u00f6pts till &#8221;Tekno&#8221; och som sl\u00e4pps den 30 mars och precis som f\u00f6rra g\u00e5ngen anv\u00e4nds endast gamla instrument och rullbandspelare f\u00f6r inspelningen. P\u00e5 albumet medverkar bland annat Th\u00e5str\u00f6m och Ossler. Sedan senaste albumet har mycket h\u00e4nt. Christian [&hellip;]<\/p>\n","protected":false},"author":13,"featured_media":0,"comment_status":"open","ping_status":"open","sticky":false,"template":"","format":"standard","meta":{"_genesis_hide_title":false,"_genesis_hide_breadcrumbs":false,"_genesis_hide_singular_image":false,"_genesis_hide_footer_widgets":false,"_genesis_custom_body_class":"","_genesis_custom_post_class":"","_genesis_layout":"","footnotes":""},"categories":[7],"tags":[8395],"class_list":{"0":"post-100857","1":"post","2":"type-post","3":"status-publish","4":"format-standard","6":"category-musik","7":"tag-christian-gabel","8":"entry"},"_links":{"self":[{"href":"https:\/\/kulturbloggen.com\/index.php?rest_route=\/wp\/v2\/posts\/100857","targetHints":{"allow":["GET"]}}],"collection":[{"href":"https:\/\/kulturbloggen.com\/index.php?rest_route=\/wp\/v2\/posts"}],"about":[{"href":"https:\/\/kulturbloggen.com\/index.php?rest_route=\/wp\/v2\/types\/post"}],"author":[{"embeddable":true,"href":"https:\/\/kulturbloggen.com\/index.php?rest_route=\/wp\/v2\/users\/13"}],"replies":[{"embeddable":true,"href":"https:\/\/kulturbloggen.com\/index.php?rest_route=%2Fwp%2Fv2%2Fcomments&post=100857"}],"version-history":[{"count":3,"href":"https:\/\/kulturbloggen.com\/index.php?rest_route=\/wp\/v2\/posts\/100857\/revisions"}],"predecessor-version":[{"id":100954,"href":"https:\/\/kulturbloggen.com\/index.php?rest_route=\/wp\/v2\/posts\/100857\/revisions\/100954"}],"wp:attachment":[{"href":"https:\/\/kulturbloggen.com\/index.php?rest_route=%2Fwp%2Fv2%2Fmedia&parent=100857"}],"wp:term":[{"taxonomy":"category","embeddable":true,"href":"https:\/\/kulturbloggen.com\/index.php?rest_route=%2Fwp%2Fv2%2Fcategories&post=100857"},{"taxonomy":"post_tag","embeddable":true,"href":"https:\/\/kulturbloggen.com\/index.php?rest_route=%2Fwp%2Fv2%2Ftags&post=100857"}],"curies":[{"name":"wp","href":"https:\/\/api.w.org\/{rel}","templated":true}]}}