{"id":100539,"date":"2016-03-02T11:24:02","date_gmt":"2016-03-02T10:24:02","guid":{"rendered":"http:\/\/kulturbloggen.com\/?p=100539"},"modified":"2016-03-02T11:24:02","modified_gmt":"2016-03-02T10:24:02","slug":"titta-trailer-for-den-lille-prinsen-biopremiar-10-juni","status":"publish","type":"post","link":"https:\/\/kulturbloggen.com\/?p=100539","title":{"rendered":"Titta: Trailer f\u00f6r Den lille prinsen &#8211; biopremi\u00e4r 10 juni"},"content":{"rendered":"<p><a href=\"http:\/\/kulturbloggen.com\/wp-content\/uploads\/2016\/03\/denlilleprinsen_film.jpg\" rel=\"attachment wp-att-100540\"><img loading=\"lazy\" decoding=\"async\" src=\"http:\/\/kulturbloggen.com\/wp-content\/uploads\/2016\/03\/denlilleprinsen_film-202x300.jpg\" alt=\"denlilleprinsen_film\" width=\"202\" height=\"300\" class=\"aligncenter size-medium wp-image-100540\" srcset=\"https:\/\/kulturbloggen.com\/wp-content\/uploads\/2016\/03\/denlilleprinsen_film-202x300.jpg 202w, https:\/\/kulturbloggen.com\/wp-content\/uploads\/2016\/03\/denlilleprinsen_film.jpg 300w\" sizes=\"auto, (max-width: 202px) 100vw, 202px\" \/><\/a><\/p>\n<p>Den lille prinsen \u00e4r en v\u00e4rldens mest \u00e4lskade barnber\u00e4ttelser. Nu kommer den i en ny version p\u00e5 film och \u00e4r Frankrikes mest popul\u00e4ra animerade film internationellt genom tiderna. Svensk biopremi\u00e4r 10 juni.<\/p>\n<p>Filmen \u00e4r regisserad av den Oscarsnominerade regiss\u00f6ren Mark Osborne, k\u00e4nd f\u00f6r Kung Fu Panda.<\/p>\n<p>Ett pressmeddelande ber\u00e4ttar om handlingen:<br \/>\nI historiens mittpunkt st\u00e5r en liten flicka, vars ivrigt p\u00e5hejande mamma f\u00f6rebereder henne f\u00f6r vuxenv\u00e4rlden. Men en dag st\u00f6ter hon p\u00e5 sin excentriske och godhj\u00e4rtade granne, en pilot som varit med om m\u00e5nga stora \u00e4ventyr, och planerna f\u00f6r\u00e4ndras. Piloten visar flickan en fantastisk ny v\u00e4rld d\u00e4r allt \u00e4r m\u00f6jligt, en v\u00e4rld som han sj\u00e4lv uppt\u00e4ckte f\u00f6r l\u00e4nge sedan tack vare en liten prins. En magisk och k\u00e4nslofylld resa b\u00f6rjar och det \u00e4r nu flickan l\u00e4r sig vad som egentligen \u00e4r viktigt i livet. Det som betyder mest \u00e4r kontakten m\u00e4nniskor emellan och det \u00e4r endast med hj\u00e4lp av ett stort hj\u00e4rta man kan se saker p\u00e5 r\u00e4tt s\u00e4tt, saker som \u00e4r osynliga f\u00f6r det blotta \u00f6gat. <\/p>\n<p><iframe loading=\"lazy\" width=\"560\" height=\"315\" src=\"https:\/\/www.youtube.com\/embed\/4Zb5FLoPNdc\" frameborder=\"0\" allowfullscreen><\/iframe><\/p>\n","protected":false},"excerpt":{"rendered":"<p>Den lille prinsen \u00e4r en v\u00e4rldens mest \u00e4lskade barnber\u00e4ttelser. Nu kommer den i en ny version p\u00e5 film och \u00e4r Frankrikes mest popul\u00e4ra animerade film internationellt genom tiderna. Svensk biopremi\u00e4r 10 juni. Filmen \u00e4r regisserad av den Oscarsnominerade regiss\u00f6ren Mark Osborne, k\u00e4nd f\u00f6r Kung Fu Panda. Ett pressmeddelande ber\u00e4ttar om handlingen: I historiens mittpunkt st\u00e5r [&hellip;]<\/p>\n","protected":false},"author":13,"featured_media":0,"comment_status":"open","ping_status":"open","sticky":false,"template":"","format":"standard","meta":{"_genesis_hide_title":false,"_genesis_hide_breadcrumbs":false,"_genesis_hide_singular_image":false,"_genesis_hide_footer_widgets":false,"_genesis_custom_body_class":"","_genesis_custom_post_class":"","_genesis_layout":"","footnotes":""},"categories":[50,20],"tags":[12688,12286,5939],"class_list":{"0":"post-100539","1":"post","2":"type-post","3":"status-publish","4":"format-standard","6":"category-filmfilm","7":"category-film","8":"tag-den-lille-prinsen","9":"tag-film","10":"tag-trailer","11":"entry"},"_links":{"self":[{"href":"https:\/\/kulturbloggen.com\/index.php?rest_route=\/wp\/v2\/posts\/100539","targetHints":{"allow":["GET"]}}],"collection":[{"href":"https:\/\/kulturbloggen.com\/index.php?rest_route=\/wp\/v2\/posts"}],"about":[{"href":"https:\/\/kulturbloggen.com\/index.php?rest_route=\/wp\/v2\/types\/post"}],"author":[{"embeddable":true,"href":"https:\/\/kulturbloggen.com\/index.php?rest_route=\/wp\/v2\/users\/13"}],"replies":[{"embeddable":true,"href":"https:\/\/kulturbloggen.com\/index.php?rest_route=%2Fwp%2Fv2%2Fcomments&post=100539"}],"version-history":[{"count":1,"href":"https:\/\/kulturbloggen.com\/index.php?rest_route=\/wp\/v2\/posts\/100539\/revisions"}],"predecessor-version":[{"id":100541,"href":"https:\/\/kulturbloggen.com\/index.php?rest_route=\/wp\/v2\/posts\/100539\/revisions\/100541"}],"wp:attachment":[{"href":"https:\/\/kulturbloggen.com\/index.php?rest_route=%2Fwp%2Fv2%2Fmedia&parent=100539"}],"wp:term":[{"taxonomy":"category","embeddable":true,"href":"https:\/\/kulturbloggen.com\/index.php?rest_route=%2Fwp%2Fv2%2Fcategories&post=100539"},{"taxonomy":"post_tag","embeddable":true,"href":"https:\/\/kulturbloggen.com\/index.php?rest_route=%2Fwp%2Fv2%2Ftags&post=100539"}],"curies":[{"name":"wp","href":"https:\/\/api.w.org\/{rel}","templated":true}]}}