{"id":100435,"date":"2016-02-25T09:09:24","date_gmt":"2016-02-25T08:09:24","guid":{"rendered":"http:\/\/kulturbloggen.com\/?p=100435"},"modified":"2016-03-15T10:57:06","modified_gmt":"2016-03-15T09:57:06","slug":"narmare-doden-vackert-och-vemodsfyllt-om-doden-och-livet","status":"publish","type":"post","link":"https:\/\/kulturbloggen.com\/?p=100435","title":{"rendered":"N\u00e4rmare d\u00f6den &#8211; Vackert och vemodsfyllt om d\u00f6den &#8211; och livet"},"content":{"rendered":"<p><a href=\"http:\/\/kulturbloggen.com\/wp-content\/uploads\/2016\/02\/narmaredodenrevy.jpg\" rel=\"attachment wp-att-100437\"><img loading=\"lazy\" decoding=\"async\" src=\"http:\/\/kulturbloggen.com\/wp-content\/uploads\/2016\/02\/narmaredodenrevy-300x221.jpg\" alt=\"Stockholm City\" width=\"300\" height=\"221\" class=\"aligncenter size-medium wp-image-100437\" srcset=\"https:\/\/kulturbloggen.com\/wp-content\/uploads\/2016\/02\/narmaredodenrevy-300x221.jpg 300w, https:\/\/kulturbloggen.com\/wp-content\/uploads\/2016\/02\/narmaredodenrevy.jpg 758w\" sizes=\"auto, (max-width: 300px) 100vw, 300px\" \/><\/a><\/p>\n<p><strong>N\u00e4rmare d\u00f6den &#8211; en tv\u00e5personersrevy<\/strong><br \/>\nAv Lotta Olsson<br \/>\nRegi Ensemblen<br \/>\nMusik Fredrik Meyer<br \/>\nMusik Marika Willstedt<br \/>\nDockmakare Thomas Lundqvist<br \/>\nDockkl\u00e4der Adina Alm\u00e9n<br \/>\nPremi\u00e4r 24 februari 2016 Klara Soppteater<\/p>\n<p>Det \u00e4r alltid lika trevligt att se en f\u00f6rest\u00e4llning p\u00e5 Klara soppteater. Den h\u00e4r g\u00e5ngen \u00e4r jag extra sp\u00e4nd p\u00e5 vad som komma skall. D\u00f6den l\u00e5ter som ett tungt tema, och jag undrar vad det kommer att handla om. S\u00e5 dyker Albin Flinkas och Fredrik Meyer upp p\u00e5 scenen och ber\u00e4ttar att de ska s\u00e4tta upp en revy om d\u00f6den. Det \u00e4r bara de tv\u00e5 och en docka. <\/p>\n<p>Inledningsnumret, en visa som handlar om det stora m\u00f6rkret, \u00e4r s\u00e5 vackert att jag f\u00e5r t\u00e5rar i \u00f6gonen. St\u00e4mningen \u00e4r fin, i den stora spegeln bakom scenen ser vi oss sj\u00e4lva i m\u00f6rkret bakom de t\u00e4nda, sm\u00e5 ljusen p\u00e5 borden.<\/p>\n<p>Sedan dras rid\u00e5n f\u00f6r den bakre delen av scenen och revyn b\u00f6rjar. Det blir inte alls s\u00e5 tungt som jag befarat. Texterna, som \u00e4r skrivna av den m\u00e5ngsidiga f\u00f6rfattaren Lotta Olsson, inneh\u00e5ller b\u00e5de allvar och humor och handlar lika mycket om liv som d\u00f6d. De handlar om moderna trender som tr\u00e4ningshets, \u00e4tst\u00f6rningar och \u00e5ngest framkallad av tidningarnas varnande l\u00f6psedlar. Albin Flinkas och Fredrik Meyer turas om att sjunga och spela, de har mycket bra kroppsspr\u00e5k och mimik. Att f\u00e5 sitta s\u00e5 n\u00e4ra inp\u00e5 scenen och uppleva sk\u00e5despelarnas gester och miner s\u00e5 tydligt ger en speciell k\u00e4nsla. <\/p>\n<p>Dockan \u00e4r fantastiskt v\u00e4lgjord av dockmakaren Thomas Lundqvist och k\u00e4nns n\u00e4stan levande den ocks\u00e5. Den \u00e4r nyf\u00f6dd vid pj\u00e4sens b\u00f6rjan och tankev\u00e4ckande s\u00e4gs att de nyligen f\u00f6dda och de riktigt gamla \u00e4r lika n\u00e4ra till att inte finnas.<\/p>\n<p>Revyn handlar om d\u00f6den men det visar sig att livet h\u00e4r och nu trots allt \u00e4r det viktiga.<\/p>\n<p><strong>Medverkande<\/strong><br \/>\nAlbin Flinkas, Fredrik Meyer<\/p>\n","protected":false},"excerpt":{"rendered":"<p>N\u00e4rmare d\u00f6den &#8211; en tv\u00e5personersrevy Av Lotta Olsson Regi Ensemblen Musik Fredrik Meyer Musik Marika Willstedt Dockmakare Thomas Lundqvist Dockkl\u00e4der Adina Alm\u00e9n Premi\u00e4r 24 februari 2016 Klara Soppteater Det \u00e4r alltid lika trevligt att se en f\u00f6rest\u00e4llning p\u00e5 Klara soppteater. Den h\u00e4r g\u00e5ngen \u00e4r jag extra sp\u00e4nd p\u00e5 vad som komma skall. D\u00f6den l\u00e5ter som [&hellip;]<\/p>\n","protected":false},"author":13,"featured_media":0,"comment_status":"open","ping_status":"open","sticky":false,"template":"","format":"standard","meta":{"_genesis_hide_title":false,"_genesis_hide_breadcrumbs":false,"_genesis_hide_singular_image":false,"_genesis_hide_footer_widgets":false,"_genesis_custom_body_class":"","_genesis_custom_post_class":"","_genesis_layout":"","footnotes":""},"categories":[16,20,30,31],"tags":[185,1424,3333,4734,4955,5276],"class_list":{"0":"post-100435","1":"post","2":"type-post","3":"status-publish","4":"format-standard","6":"category-recension","7":"category-film","8":"category-teater","9":"category-teaterrecension","10":"tag-albin-flinkas","11":"tag-doden","12":"tag-livet","13":"tag-revy","14":"tag-scenkonst","15":"tag-soppteater","16":"entry"},"_links":{"self":[{"href":"https:\/\/kulturbloggen.com\/index.php?rest_route=\/wp\/v2\/posts\/100435","targetHints":{"allow":["GET"]}}],"collection":[{"href":"https:\/\/kulturbloggen.com\/index.php?rest_route=\/wp\/v2\/posts"}],"about":[{"href":"https:\/\/kulturbloggen.com\/index.php?rest_route=\/wp\/v2\/types\/post"}],"author":[{"embeddable":true,"href":"https:\/\/kulturbloggen.com\/index.php?rest_route=\/wp\/v2\/users\/13"}],"replies":[{"embeddable":true,"href":"https:\/\/kulturbloggen.com\/index.php?rest_route=%2Fwp%2Fv2%2Fcomments&post=100435"}],"version-history":[{"count":1,"href":"https:\/\/kulturbloggen.com\/index.php?rest_route=\/wp\/v2\/posts\/100435\/revisions"}],"predecessor-version":[{"id":100438,"href":"https:\/\/kulturbloggen.com\/index.php?rest_route=\/wp\/v2\/posts\/100435\/revisions\/100438"}],"wp:attachment":[{"href":"https:\/\/kulturbloggen.com\/index.php?rest_route=%2Fwp%2Fv2%2Fmedia&parent=100435"}],"wp:term":[{"taxonomy":"category","embeddable":true,"href":"https:\/\/kulturbloggen.com\/index.php?rest_route=%2Fwp%2Fv2%2Fcategories&post=100435"},{"taxonomy":"post_tag","embeddable":true,"href":"https:\/\/kulturbloggen.com\/index.php?rest_route=%2Fwp%2Fv2%2Ftags&post=100435"}],"curies":[{"name":"wp","href":"https:\/\/api.w.org\/{rel}","templated":true}]}}