{"id":100424,"date":"2016-02-23T21:43:20","date_gmt":"2016-02-23T20:43:20","guid":{"rendered":"http:\/\/kulturbloggen.com\/?p=100424"},"modified":"2016-02-23T21:43:20","modified_gmt":"2016-02-23T20:43:20","slug":"adrian-modiggard-gastas-av-miriam-bryant-pa-nya-singeln","status":"publish","type":"post","link":"https:\/\/kulturbloggen.com\/?p=100424","title":{"rendered":"Adrian Modigg\u00e5rd g\u00e4stas av Miriam Bryant p\u00e5 nya singeln"},"content":{"rendered":"<p><a href=\"http:\/\/kulturbloggen.com\/?attachment_id=100425\" rel=\"attachment wp-att-100425\"><img loading=\"lazy\" decoding=\"async\" class=\"aligncenter size-medium wp-image-100425\" src=\"http:\/\/kulturbloggen.com\/wp-content\/uploads\/2016\/02\/adrian-300x109.jpg\" alt=\"adrian\" width=\"300\" height=\"109\" srcset=\"https:\/\/kulturbloggen.com\/wp-content\/uploads\/2016\/02\/adrian-300x109.jpg 300w, https:\/\/kulturbloggen.com\/wp-content\/uploads\/2016\/02\/adrian-768x280.jpg 768w, https:\/\/kulturbloggen.com\/wp-content\/uploads\/2016\/02\/adrian.jpg 960w\" sizes=\"auto, (max-width: 300px) 100vw, 300px\" \/><\/a><\/p>\n<p>23-\u00e5riga Adrian Modigg\u00e5rd, som bland annat spelat med Eldkvarn sedan barnsben, tilldelades i somras det hederv\u00e4rda Ted Gerdestads-stipendiet. <em>Sagt vem du e<\/em>, som g\u00e4stas av Miriam Bryant, f\u00f6ljer upp <em>Dans p\u00e5 rosor<\/em> och \u00e4r den andra singeln fr\u00e5n hans kommande debutalbum <em>En tid i en stad i ett land<\/em> som sl\u00e4pps via Substitute Music senare i v\u00e5r.<\/p>\n<p><strong>Lyssna p\u00e5 <em>Sagt vem du e<\/em> h\u00e4r nedan:<\/strong><\/p>\n<p><iframe loading=\"lazy\" src=\"https:\/\/embed.spotify.com\/?uri=spotify%3Atrack%3A6TKmsmJSLMUMvw72xlS7Vo\" width=\"300\" height=\"380\" frameborder=\"0\"><\/iframe><\/p>\n","protected":false},"excerpt":{"rendered":"<p>23-\u00e5riga Adrian Modigg\u00e5rd, som bland annat spelat med Eldkvarn sedan barnsben, tilldelades i somras det hederv\u00e4rda Ted Gerdestads-stipendiet. Sagt vem du e, som g\u00e4stas av Miriam Bryant, f\u00f6ljer upp Dans p\u00e5 rosor och \u00e4r den andra singeln fr\u00e5n hans kommande debutalbum En tid i en stad i ett land som sl\u00e4pps via Substitute Music senare [&hellip;]<\/p>\n","protected":false},"author":3,"featured_media":0,"comment_status":"open","ping_status":"open","sticky":false,"template":"","format":"standard","meta":{"_genesis_hide_title":false,"_genesis_hide_breadcrumbs":false,"_genesis_hide_singular_image":false,"_genesis_hide_footer_widgets":false,"_genesis_custom_body_class":"","_genesis_custom_post_class":"","_genesis_layout":"","footnotes":""},"categories":[7],"tags":[12135,9336,12680],"class_list":{"0":"post-100424","1":"post","2":"type-post","3":"status-publish","4":"format-standard","6":"category-musik","7":"tag-adrian-modiggard","8":"tag-miriam-bryant","9":"tag-sagt-vem-du-e","10":"entry"},"_links":{"self":[{"href":"https:\/\/kulturbloggen.com\/index.php?rest_route=\/wp\/v2\/posts\/100424","targetHints":{"allow":["GET"]}}],"collection":[{"href":"https:\/\/kulturbloggen.com\/index.php?rest_route=\/wp\/v2\/posts"}],"about":[{"href":"https:\/\/kulturbloggen.com\/index.php?rest_route=\/wp\/v2\/types\/post"}],"author":[{"embeddable":true,"href":"https:\/\/kulturbloggen.com\/index.php?rest_route=\/wp\/v2\/users\/3"}],"replies":[{"embeddable":true,"href":"https:\/\/kulturbloggen.com\/index.php?rest_route=%2Fwp%2Fv2%2Fcomments&post=100424"}],"version-history":[{"count":1,"href":"https:\/\/kulturbloggen.com\/index.php?rest_route=\/wp\/v2\/posts\/100424\/revisions"}],"predecessor-version":[{"id":100426,"href":"https:\/\/kulturbloggen.com\/index.php?rest_route=\/wp\/v2\/posts\/100424\/revisions\/100426"}],"wp:attachment":[{"href":"https:\/\/kulturbloggen.com\/index.php?rest_route=%2Fwp%2Fv2%2Fmedia&parent=100424"}],"wp:term":[{"taxonomy":"category","embeddable":true,"href":"https:\/\/kulturbloggen.com\/index.php?rest_route=%2Fwp%2Fv2%2Fcategories&post=100424"},{"taxonomy":"post_tag","embeddable":true,"href":"https:\/\/kulturbloggen.com\/index.php?rest_route=%2Fwp%2Fv2%2Ftags&post=100424"}],"curies":[{"name":"wp","href":"https:\/\/api.w.org\/{rel}","templated":true}]}}