{"id":100245,"date":"2016-02-14T12:16:03","date_gmt":"2016-02-14T11:16:03","guid":{"rendered":"http:\/\/kulturbloggen.com\/?p=100245"},"modified":"2016-03-15T11:00:55","modified_gmt":"2016-03-15T10:00:55","slug":"tre-dansforestallning-av-kenneth-kvarnstrom-otroligt-stark","status":"publish","type":"post","link":"https:\/\/kulturbloggen.com\/?p=100245","title":{"rendered":"Tre &#8211; dansf\u00f6rest\u00e4llning av Kenneth Kvarnstr\u00f6m: Otroligt stark"},"content":{"rendered":"<p><a href=\"http:\/\/kulturbloggen.com\/wp-content\/uploads\/2016\/02\/tredans.jpg\" rel=\"attachment wp-att-100248\"><img loading=\"lazy\" decoding=\"async\" src=\"http:\/\/kulturbloggen.com\/wp-content\/uploads\/2016\/02\/tredans-300x198.jpg\" alt=\"&quot;TRE&quot; av Kenneth Kvarnstr\u00f6m\" width=\"300\" height=\"198\" class=\"aligncenter size-medium wp-image-100248\" srcset=\"https:\/\/kulturbloggen.com\/wp-content\/uploads\/2016\/02\/tredans-300x198.jpg 300w, https:\/\/kulturbloggen.com\/wp-content\/uploads\/2016\/02\/tredans-768x507.jpg 768w, https:\/\/kulturbloggen.com\/wp-content\/uploads\/2016\/02\/tredans-1024x676.jpg 1024w\" sizes=\"auto, (max-width: 300px) 100vw, 300px\" \/><\/a><\/p>\n<p><strong>\u201dTre\u201d<\/strong><br \/>\nKoreograf: Kenneth Kvarnstr\u00f6m<br \/>\nKostym: Astrid Olsson och Lee Cotter<br \/>\nLjus: Maria Ros Palmklint<br \/>\nMusik: bla Raime och Forest Swords<br \/>\nPremi\u00e4r den 13 februari 2016 p\u00e5 Stadsteatern, Klarascenen<\/p>\n<p>Att dans p\u00e5 n\u00e5got vis inte i sig sj\u00e4lv skulle kunna vara b\u00e4rare av ett budskap utan konkret handling, \u00e4r naturligtvis en myt som de flesta av oss \u00e4r medvetna om. D\u00e4remot \u00e4r dansens spr\u00e5k inte alltid lika tydlig, enbart i sig sj\u00e4lv om inte ett kraftigt kroppsspr\u00e5k l\u00e4ggs till r\u00f6relsem\u00f6nstren. Kv\u00e4llens f\u00f6rest\u00e4llning g\u00f6r det de h\u00e4r faktumet v\u00e4ldigt tydligt.<\/p>\n<p><a href=\"http:\/\/kulturbloggen.com\/wp-content\/uploads\/2016\/02\/tredans2.jpg\" rel=\"attachment wp-att-100249\"><img loading=\"lazy\" decoding=\"async\" src=\"http:\/\/kulturbloggen.com\/wp-content\/uploads\/2016\/02\/tredans2-300x206.jpg\" alt=\"&quot;TRE&quot; av Kenneth Kvarnstr\u00f6m\" width=\"300\" height=\"206\" class=\"alignright size-medium wp-image-100249\" srcset=\"https:\/\/kulturbloggen.com\/wp-content\/uploads\/2016\/02\/tredans2-300x206.jpg 300w, https:\/\/kulturbloggen.com\/wp-content\/uploads\/2016\/02\/tredans2-768x527.jpg 768w, https:\/\/kulturbloggen.com\/wp-content\/uploads\/2016\/02\/tredans2-1024x702.jpg 1024w\" sizes=\"auto, (max-width: 300px) 100vw, 300px\" \/><\/a>Tre, \u00e4r en mycket sp\u00e4nnande f\u00f6rest\u00e4llning som inte fl\u00f6rtar mycket med det tydligt klassiskt teatraliska, men tar igen det tillsammans med det mest dramatiska man kan t\u00e4nka sig. Hela f\u00f6rest\u00e4llningen \u00e4r dock lika mycket ett krigst\u00e5g i samuraj estetik, som i fascinerande design och kostym. <\/p>\n<p>Treenigheten mellan tre m\u00e4n, som r\u00f6r sig med liknande uttryck med skilda styrkor, ger en otroligt stark sammanslagning som lager p\u00e5 lager tyg. De blir var och en delar i en st\u00f6rre mekanism, s\u00e5 vid olika och skilda tillf\u00e4llen v\u00e4ljer att bryta sig loss. Det finns en kraftig r\u00e5styrka som str\u00e4var upp\u00e5t, en som pl\u00f6jer sidledes och en som med l\u00e4tthet flyger \u00f6ver problemen. Tillsammans ger de m\u00f6jligheten att v\u00e4xa och tyna tillsammans i v\u00e4xelverkan.<\/p>\n<p>Det \u00e4r mycket avkopplande f\u00f6r \u00f6gonen at se tre m\u00e4nniskor ta i varandra s\u00e5 sensuellt och l\u00e4tt, men utan n\u00e5gon form av erotisk laddning. Dansarnas ansiktsuttryck f\u00f6rblir ocks\u00e5 genom hela f\u00f6rest\u00e4llningen helt neutrala och det \u00e4r kropparna som formar r\u00f6relserna och bilderna. Utmanande och ovanligt med m\u00e4nskligt fysiologiska mekanisker utan behov av att meddela ett verbalt budskap.<\/p>\n<p>De tre, m\u00f6ter g\u00e5ng p\u00e5 g\u00e5ng en fyrkantighet i olika f\u00e4rger. N\u00e5got de medvetet byter av varandra, med att h\u00e5lla fast vid. Jag upplever att fyrkantigheten bryter ned dem och ingen orkar med att vara kvar f\u00f6r l\u00e4nge i den. Fyrkantigheten best\u00e5r av tejpade mattor i svart och r\u00f6tt. Vid ett tillf\u00e4lle k\u00e4nns det som en av dansarna ger med sig och g\u00f6mmer sig under fyrkantigheten. Han orkar helt enkelt inte motst\u00e5 l\u00e4ngre.<\/p>\n<p>Den enda fyrkantighet som upplevs frivilligt bejakande f\u00f6r en av dansarna \u00e4r den vita h\u00e4ngande fyrkant. I den finner han en dramatisk tillflykt till en ekivok pansarutrustning med insektsk\u00e4nsla. Han f\u00f6rkl\u00e4der sig i den. Jag upplever att dansen b\u00e5de f\u00e5r n\u00e4ring, skr\u00e4ms och g\u00e5r \u00f6ver i olika former med hj\u00e4lp av just den utstyrseln.<br \/>\nMest sl\u00e5s jag av hur vackert det \u00e4r, samtidigt som det \u00e4r bed\u00f6vande ot\u00e4ckt. Det \u00e4r fantastiskt vackert hur kropparna r\u00f6r sig exakt s\u00e5 som de b\u00f6r f\u00f6r att visa kl\u00e4dernas fulla kraft och strukturer. En vackrare catwalk hade inte varit m\u00f6jlig. Samtidigt \u00e4r inte r\u00f6relserna helt m\u00e4nskliga utan ger en k\u00e4nsla av djurisk besatthet p\u00e5 insektsniv\u00e5. Det sista jag fylls med \u00e4r k\u00e4nslan av att avst\u00e5ndet mellan att \u00e4ta eller \u00e4tas inte \u00e4r s\u00e5 l\u00e5ngt.<\/p>\n<p>Dansare: Matthew Branham, Erik Nyberg och Paul Pui Wo Lee<\/p>\n<p>Foto: Bent Wanselius<\/p>\n<p><a href=\"http:\/\/kulturbloggen.com\/wp-content\/uploads\/2016\/02\/tredans3.jpg\" rel=\"attachment wp-att-100250\"><img loading=\"lazy\" decoding=\"async\" src=\"http:\/\/kulturbloggen.com\/wp-content\/uploads\/2016\/02\/tredans3-200x300.jpg\" alt=\"&quot;TRE&quot; av Kenneth Kvarnstr\u00f6m\" width=\"200\" height=\"300\" class=\"aligncenter size-medium wp-image-100250\" srcset=\"https:\/\/kulturbloggen.com\/wp-content\/uploads\/2016\/02\/tredans3-200x300.jpg 200w, https:\/\/kulturbloggen.com\/wp-content\/uploads\/2016\/02\/tredans3.jpg 667w\" sizes=\"auto, (max-width: 200px) 100vw, 200px\" \/><\/a><\/p>\n","protected":false},"excerpt":{"rendered":"<p>\u201dTre\u201d Koreograf: Kenneth Kvarnstr\u00f6m Kostym: Astrid Olsson och Lee Cotter Ljus: Maria Ros Palmklint Musik: bla Raime och Forest Swords Premi\u00e4r den 13 februari 2016 p\u00e5 Stadsteatern, Klarascenen Att dans p\u00e5 n\u00e5got vis inte i sig sj\u00e4lv skulle kunna vara b\u00e4rare av ett budskap utan konkret handling, \u00e4r naturligtvis en myt som de flesta av [&hellip;]<\/p>\n","protected":false},"author":32,"featured_media":0,"comment_status":"open","ping_status":"open","sticky":false,"template":"","format":"standard","meta":{"_genesis_hide_title":false,"_genesis_hide_breadcrumbs":false,"_genesis_hide_singular_image":false,"_genesis_hide_footer_widgets":false,"_genesis_custom_body_class":"","_genesis_custom_post_class":"","_genesis_layout":"","footnotes":""},"categories":[20],"tags":[1128,4955],"class_list":{"0":"post-100245","1":"post","2":"type-post","3":"status-publish","4":"format-standard","6":"category-film","7":"tag-dans","8":"tag-scenkonst","9":"entry"},"_links":{"self":[{"href":"https:\/\/kulturbloggen.com\/index.php?rest_route=\/wp\/v2\/posts\/100245","targetHints":{"allow":["GET"]}}],"collection":[{"href":"https:\/\/kulturbloggen.com\/index.php?rest_route=\/wp\/v2\/posts"}],"about":[{"href":"https:\/\/kulturbloggen.com\/index.php?rest_route=\/wp\/v2\/types\/post"}],"author":[{"embeddable":true,"href":"https:\/\/kulturbloggen.com\/index.php?rest_route=\/wp\/v2\/users\/32"}],"replies":[{"embeddable":true,"href":"https:\/\/kulturbloggen.com\/index.php?rest_route=%2Fwp%2Fv2%2Fcomments&post=100245"}],"version-history":[{"count":3,"href":"https:\/\/kulturbloggen.com\/index.php?rest_route=\/wp\/v2\/posts\/100245\/revisions"}],"predecessor-version":[{"id":100251,"href":"https:\/\/kulturbloggen.com\/index.php?rest_route=\/wp\/v2\/posts\/100245\/revisions\/100251"}],"wp:attachment":[{"href":"https:\/\/kulturbloggen.com\/index.php?rest_route=%2Fwp%2Fv2%2Fmedia&parent=100245"}],"wp:term":[{"taxonomy":"category","embeddable":true,"href":"https:\/\/kulturbloggen.com\/index.php?rest_route=%2Fwp%2Fv2%2Fcategories&post=100245"},{"taxonomy":"post_tag","embeddable":true,"href":"https:\/\/kulturbloggen.com\/index.php?rest_route=%2Fwp%2Fv2%2Ftags&post=100245"}],"curies":[{"name":"wp","href":"https:\/\/api.w.org\/{rel}","templated":true}]}}