{"id":100221,"date":"2016-02-15T11:02:01","date_gmt":"2016-02-15T10:02:01","guid":{"rendered":"http:\/\/kulturbloggen.com\/?p=100221"},"modified":"2016-02-16T18:30:46","modified_gmt":"2016-02-16T17:30:46","slug":"cinemafrica-filmfestival-gor-sitt-artonde-ar","status":"publish","type":"post","link":"https:\/\/kulturbloggen.com\/?p=100221","title":{"rendered":"CinemAfrica Filmfestival g\u00f6r sitt artonde \u00e5r"},"content":{"rendered":"<p><a href=\"http:\/\/kulturbloggen.com\/wp-content\/uploads\/2016\/02\/cinemafrica.jpg\" rel=\"attachment wp-att-100252\"><img loading=\"lazy\" decoding=\"async\" class=\"aligncenter size-medium wp-image-100252\" src=\"http:\/\/kulturbloggen.com\/wp-content\/uploads\/2016\/02\/cinemafrica-300x200.jpg\" alt=\"cinemafrica\" width=\"300\" height=\"200\" srcset=\"https:\/\/kulturbloggen.com\/wp-content\/uploads\/2016\/02\/cinemafrica-300x200.jpg 300w, https:\/\/kulturbloggen.com\/wp-content\/uploads\/2016\/02\/cinemafrica-768x513.jpg 768w, https:\/\/kulturbloggen.com\/wp-content\/uploads\/2016\/02\/cinemafrica-1024x684.jpg 1024w, https:\/\/kulturbloggen.com\/wp-content\/uploads\/2016\/02\/cinemafrica.jpg 1280w\" sizes=\"auto, (max-width: 300px) 100vw, 300px\" \/><\/a><\/p>\n<p>Filmfestivalen,CinemAfrica Filmfestival, som visar filmer av afrikanska filmskapare h\u00e5lls f\u00f6r artonde \u00e5ret, 25-28 februari 2+16 i Stockholm. Festivalen g\u00e4stas av bland annat den maliske m\u00e4sterfilmaren Souleymane Ciss\u00e9.<\/p>\n<p>Ett pressmeddelande ber\u00e4ttar om festivalen:<br \/>\n<a href=\"http:\/\/kulturbloggen.com\/wp-content\/uploads\/2016\/02\/cinemafrica2.jpg\" rel=\"attachment wp-att-100289\"><img loading=\"lazy\" decoding=\"async\" class=\"alignright size-medium wp-image-100289\" src=\"http:\/\/kulturbloggen.com\/wp-content\/uploads\/2016\/02\/cinemafrica2-225x300.jpg\" alt=\"cinemafrica2\" width=\"225\" height=\"300\" srcset=\"https:\/\/kulturbloggen.com\/wp-content\/uploads\/2016\/02\/cinemafrica2-225x300.jpg 225w, https:\/\/kulturbloggen.com\/wp-content\/uploads\/2016\/02\/cinemafrica2-768x1023.jpg 768w, https:\/\/kulturbloggen.com\/wp-content\/uploads\/2016\/02\/cinemafrica2-769x1024.jpg 769w, https:\/\/kulturbloggen.com\/wp-content\/uploads\/2016\/02\/cinemafrica2.jpg 960w\" sizes=\"auto, (max-width: 225px) 100vw, 225px\" \/><\/a>2016 markerar det artonde \u00e5ret f\u00f6r CinemAfrica \u2013 filmfestivalen som visar de fr\u00e4msta, mest aktuella filmerna fr\u00e5n den afrikanska kontinenten och diasporan. F\u00f6r f\u00f6rsta g\u00e5ngen samlar festivalen sitt program runt ett flertal specifika teman. Tillsammans uppm\u00e4rksammar dessa teman viktiga fr\u00e5gor och en realitet som m\u00e5nga afrikaner och afrosvenskar k\u00e4nner igen sig i \u2013 och som p\u00e5 senare tid b\u00f6rjat f\u00e5 synas i media. Festivalen g\u00e4stas bl. a. av den maliske m\u00e4sterfilmaren Souleymane Ciss\u00e9 \u2013 den f\u00f6rsta afrikanska filmskaparen att erh\u00e5lla ett pris p\u00e5 Cannes Film Festival (&#8221;Yeelen&#8221;, 1987, sv. titel: &#8221;Det magiska ljuset&#8221;), vars dokument\u00e4rfilm &#8221;O Ka&#8221; (2015) har Sverigepremi\u00e4r p\u00e5 \u00e5rets CinemAfrica. Det blir ocks\u00e5 bes\u00f6k av Etiopens mest k\u00e4nde sk\u00e5despelare, Debebe Eshetu som fick sitt stora genombrott i kultfilmen &#8221;Shaft in Africa&#8221; under 70-talet. Eshetu har tidigare varit f\u00e4ngslad i Etiopien f\u00f6r sin politiska aktivism, men \u00e4r nu aktuell med filmen &#8221;Red Leaves&#8221; som har Sverigepremi\u00e4r p\u00e5 festivalen och skildrar verkligheten f\u00f6r den etiopiska judiska diasporan i dagens Israel. \u00d6ppningsfilm \u00e4r det starka kvinnoportr\u00e4ttet och coming-of-age-filmen &#8221;Ayanda&#8221; (2015) av sydafrikanska Sara Blecher, som ocks\u00e5 g\u00e4star festivalen.<\/p>\n<p>&#8211; Vi har utformat ett program som fokuserar p\u00e5 de m\u00e5nga olika r\u00f6relserna som sker just nu: M\u00e5nga afrikaners migration och flykt fr\u00e5n sina heml\u00e4nder, inflytelserika politiska r\u00f6relser s\u00e5 som Black Lives Matter och r\u00f6relser inom kropp och dans i form av konst. CinemAfrica har en viktig roll i dagens Sverige genom v\u00e5rt s\u00e4tt att ifr\u00e5gas\u00e4tta, bredda och berika den svenska identiteten. V\u00e5rt m\u00e5l \u00e4r att lyfta fram m\u00e4nniskor fr\u00e5n Afrika, b\u00e5de de p\u00e5 kontinenten men ocks\u00e5 den afrikanska diasporan och dess kulturer&#8221;, s\u00e4ger Dina Afkhampour, festivalchef.<\/p>\n<p>Festivalen invigs p\u00e5 Debaser Medis torsdagen den 25 februari kl. 18.00. P\u00e5 scen ser vi bland andra artisten Bishat Araia, MC Salem Yohannes och DJ Sister Justice.<\/p>\n<p><strong>\u00c5rets teman:<\/strong><br \/>\nThe Land \u2013 titeln syftar lite ironiskt p\u00e5 en \u00e5terkommande bild av Afrika som ett land, ist\u00e4llet f\u00f6r det faktum att det \u00e4r v\u00e4rldens n\u00e4st st\u00f6rsta v\u00e4rldsdel och en kontinent med en rad olika landskap och kulturer. Temat African Diaspora &amp; Feminism presenterar olika sp\u00e5r och perspektiv som afrikanska kvinnor lyft fram inom den feministiska r\u00f6relsen. Forced Movements lyfter fram migration och flyktingfr\u00e5gor i en afrikansk kontext. Det fj\u00e4rde temat Black Lives Matter samlar filmer som ber\u00f6r denna starka samtida r\u00f6relse genom en historisk lins \u2013 till stor del ur perspektiv hos de orubbliga kvinnor som format kampen f\u00f6r verklig j\u00e4mst\u00e4lldhet. Temat Music, Dance &amp; Art rymmer bl. a. h\u00f6jdpunkten &#8221;Akounak Tedalat Taha Tazoughai&#8221; (2015, USA\/Niger) \u2013 en lokal remake p\u00e5 Purple Rain (1984) \u2013 och som uppm\u00e4rksammats av medier som The Rolling Stone och The Atlantic. I kategorin &#8221;Other Notions&#8221; blandas genres och \u00e4mnen \u2013 bl. a. desillusionerad post-apartheid-ungdom (&#8221;Necktie Youth&#8221;, Sydafrika, 2015), en episk resa genom Algeriets historia \u00f6ver 60 \u00e5r (&#8221;The Man from Oran&#8221;, 2014), och maliske m\u00e4sterfilmaren Souleymane Ciss\u00e9s portr\u00e4tt av sin familj och barndom (&#8221;O Ka&#8221;, 2015). Ciss\u00e9 \u00e4r som tidigare n\u00e4mnt ocks\u00e5 en av festivalens hedersg\u00e4ster.<\/p>\n<p><strong>\u00c5rets fem t\u00e4vlingfilmer: <\/strong><br \/>\n&#8221;The Endless River&#8221;, Oliver Hermanus (Sydafrika)<br \/>\n&#8221;Red Leaves&#8221;, Bazi Gete (Etiopien)<br \/>\n&#8221;Dis ek, Anna&#8221;, Sam Blecher (Sydafrika)<br \/>\n&#8221;Let Them Come&#8221;, Salem Brahimi (Algeriet)<br \/>\n&#8221;Difret&#8221;, Zeresenay Mehari (Etiopien)<\/p>\n<p><strong>Juryn:<\/strong><br \/>\nAmat Levin \u2013 journalist (f.d. chefredakt\u00f6r, N\u00f6jesguiden) och PR-strateg p\u00e5 Forsman &amp; Bodenfors<br \/>\nFanna Ndow Norrby \u2013 skribent, aktuell med boken Svart Kvinna<br \/>\nMohamed Al Abed \u2013 statsvetare samt programledare och producent f\u00f6r SRs podcast \u00d6gonblicket<br \/>\nSujata Maini &#8211; kommunikat\u00f6r, har de senaste \u00e5ren arbetat med den statliga kampanjen Hj\u00e4rnkoll<br \/>\nTheresa Traore Dahlberg \u2013 filmare, arbetar just nu med dokument\u00e4rfilmen &#8221;Ouaga Girls&#8221;<\/p>\n<p><strong>Speciellt inbjudna filmmakare\/g\u00e4ster 2016:<\/strong><br \/>\n<a href=\"http:\/\/kulturbloggen.com\/wp-content\/uploads\/2016\/02\/cinemafrica3.jpg\" rel=\"attachment wp-att-100290\"><img loading=\"lazy\" decoding=\"async\" class=\"alignright size-medium wp-image-100290\" src=\"http:\/\/kulturbloggen.com\/wp-content\/uploads\/2016\/02\/cinemafrica3-300x169.jpg\" alt=\"cinemafrica3\" width=\"300\" height=\"169\" srcset=\"https:\/\/kulturbloggen.com\/wp-content\/uploads\/2016\/02\/cinemafrica3-300x169.jpg 300w, https:\/\/kulturbloggen.com\/wp-content\/uploads\/2016\/02\/cinemafrica3-768x432.jpg 768w, https:\/\/kulturbloggen.com\/wp-content\/uploads\/2016\/02\/cinemafrica3-1024x576.jpg 1024w, https:\/\/kulturbloggen.com\/wp-content\/uploads\/2016\/02\/cinemafrica3.jpg 1169w\" sizes=\"auto, (max-width: 300px) 100vw, 300px\" \/><\/a>Den legendariska maliska regiss\u00f6ren Souleymane Ciss\u00e9 \u00e4r den f\u00f6rsta afrikanska filmskaparen att erh\u00e5lla ett pris p\u00e5 Cannes Film Festival. I samband med sitt Sverigebes\u00f6k presenterar han sin nya dokument\u00e4rfilm &#8221;O Ka&#8221;. Den prisbel\u00f6nade dokument\u00e4ren handlar om huset han v\u00e4xte upp i, l\u00e4nken till hans f\u00f6r\u00e4ldrar och hans minnen.<\/p>\n<p>Etiopens mest k\u00e4nde sk\u00e5despelare, Debebe Eshetu fick sitt stora genombrott i kultfilmen &#8221;Shaft in Africa&#8221; under 70-talet. \u00c5r 2005 blev Eshetu f\u00e4ngslad i Etiopien f\u00f6r sin politiska aktivism och idag b\u00e4r han en betydande roll i det kulturella utrymmet f\u00f6r m\u00e5nga i det etiopiska communityt runt om i v\u00e4rlden. Just nu \u00e4r han h\u00f6gaktuell med filmen &#8221;Red Leaves&#8221; som visas p\u00e5 festivalen och skildrar verkligheten f\u00f6r den etiopiska judiska diasporan i dagens Israel.<\/p>\n<p>Sara Blechers f\u00f6rsta kontakt med filmskapande var som produktionsassistent till filmen &#8221;Paris is Burning&#8221; \u00e5r 1990. Sedan dess har hon bland annat regisserat filmen &#8221;Otelo Burning&#8221; som CNN utsedde till en av 2000-talets b\u00e4sta afrikanska filmer. Idag \u00e4r hon h\u00f6gaktuell med filmen &#8221;Ayanda&#8221;, d\u00e4r vi f\u00e5r f\u00f6lja en ung sj\u00e4lvst\u00e4ndig kvinnas vardag som mekaniker i Sydafrika (visas p\u00e5 festivalen).<\/p>\n<p>Fler inbjudna g\u00e4ster som medverkar p\u00e5 festivalen: Filmmakaren Oliver Hermanus (vars film &#8221;The Endless River&#8221; visas i t\u00e4vlingskategorin), Dr. Lindiwe Dovey (filmvetare och konstkurator var med och startade en av de st\u00f6rsta internationella filmfestivalerna \u2013 Film Africa i London), Minna Salami (nigeriansk-finsk debatt\u00f6r och opinionsbildare som bl. a. driver bloggen MsAfropolitan), Mpumelelo Mcata (sydafrikansk musiker och filmare vars debutfilm &#8221;Black President&#8221; visas p\u00e5 festivalen).<\/p>\n<p>Andra h\u00f6jdpunkter ur programmet:<\/p>\n<p>&#8211; CinemAfrica + Rum f\u00f6r Barn \/ 27 feb kl. 14.30 p\u00e5 Kulturhuset Stadsteatern (GRATIS)<br \/>\nUpprop till alla barn mellan tre och sju \u00e5r! Kom och l\u00e4r dig om den afrikanska kontinenten med Bino och Fino som g\u00e5r p\u00e5 det ena \u00e4ventyret efter det andra.<\/p>\n<p>&#8211; Filmfrukost med panelsamtal: Nordafrikansk och transnationell feminism \/ 27 feb kl. 10.30 p\u00e5 Bio Rio<br \/>\nI en vithetsnormativ v\u00e4rldsordning f\u00f6rpassas ofta nordafrikansk feminism till skuggan, trots att det finns en vital historia av aktivism och teoribildning som p\u00e5g\u00e5tt i \u00f6ver ett sekel. H\u00e4r visas den historiska dokument\u00e4rfilmen &#8221;Feminism Inshallah&#8221;, som ber\u00e4ttar r\u00f6relsernas historia. Filmaren F\u00e9riel Ben Mahmoud har rest till Tunisien, Egypten, Algeriet, Marocko, Libanon och Saudiarabien. Hur kan man binda samman feministiska r\u00f6relser \u00f6ver nationernas och maktstrukturernas gr\u00e4nser f\u00f6r att hitta gemensamma m\u00e5l?<\/p>\n<p>&#8211; Filmfrukost med panelsamtal: Svarta feministiska m\u00e4n \/ 28 feb kl. 10.30<br \/>\nCinemAfrica anordnar ocks\u00e5 filmfrukost med temat Svarta feministiska m\u00e4n. H\u00e4r visas Marlon Riggs &#8221;Black Is \u2026 Black Ain&#8217;t&#8221; (1994). Filmen utforskar svarta identiteter och intersektionalitet med fokus p\u00e5 svart maskulinitet och Black Feminism. Efter visningen f\u00f6ljer ett panelsamtal d\u00e4r medverkande best\u00e5r av afrosvenskar som representerar olika feministiska perspektiv.<br \/>\nMedverkande \u00e4r bland annat: Samuel Girma, Araia Ghiirmai Sebhatu, Miles Rutendo Tanhira.<\/p>\n<p>&#8211; &#8221;Yeelen&#8221; (&#8221;Det magiska ljuset&#8221;) + Cinemateket Live \/ 28 feb kl. 16.00 p\u00e5 Bio Victor i Filmhuset<br \/>\nFilmen vann juryns pris i Cannes 1987 och \u00e4r ett av de mest hyllade verken i den afrikanska filmhistorien. Efter visningen f\u00f6ljer Q&amp;A med Dr. Lindiwe Dovey och filmens regiss\u00f6r Souleymane Ciss\u00e9. Samtalet p\u00e5g\u00e5r i 45 min.<\/p>\n<p>&#8211; African Migration to Sweden \/ 28 feb kl. 16.00 p\u00e5 Biograf Zita<br \/>\nEtt samtal om p\u00e5tvingad migration och migrerade arbetare fr\u00e5n den afrikanska kontinenten. Om strukturella orsaker och den faktiska situationen f\u00f6r de som kommer till Sverige f\u00f6r att f\u00e5 b\u00e4ttre m\u00f6jligheter. Deltagare: filmskaparna Ahmed Abdhullahi (aktuell med kortfilmen &#8221;Francis&#8221;, som visas p\u00e5 festivalen \u2013 bl. a. gratisvisningar f\u00f6r skolklasser!) och Hawa Sanneh (aktuell med kortfilmen &#8221;Gay Enough&#8221; som visas p\u00e5 festivalen) samt representanter fr\u00e5n Amnesty International.<\/p>\n<p>&nbsp;<\/p>\n<p><a href=\"http:\/\/kulturbloggen.com\/wp-content\/uploads\/2016\/02\/cinemafrica4.jpg\" rel=\"attachment wp-att-100292\"><img loading=\"lazy\" decoding=\"async\" class=\"aligncenter size-medium wp-image-100292\" src=\"http:\/\/kulturbloggen.com\/wp-content\/uploads\/2016\/02\/cinemafrica4-300x169.jpg\" alt=\"cinemafrica4\" width=\"300\" height=\"169\" srcset=\"https:\/\/kulturbloggen.com\/wp-content\/uploads\/2016\/02\/cinemafrica4-300x169.jpg 300w, https:\/\/kulturbloggen.com\/wp-content\/uploads\/2016\/02\/cinemafrica4-768x432.jpg 768w, https:\/\/kulturbloggen.com\/wp-content\/uploads\/2016\/02\/cinemafrica4-1024x576.jpg 1024w, https:\/\/kulturbloggen.com\/wp-content\/uploads\/2016\/02\/cinemafrica4.jpg 1280w\" sizes=\"auto, (max-width: 300px) 100vw, 300px\" \/><\/a><\/p>\n","protected":false},"excerpt":{"rendered":"<p>Filmfestivalen,CinemAfrica Filmfestival, som visar filmer av afrikanska filmskapare h\u00e5lls f\u00f6r artonde \u00e5ret, 25-28 februari 2+16 i Stockholm. Festivalen g\u00e4stas av bland annat den maliske m\u00e4sterfilmaren Souleymane Ciss\u00e9. Ett pressmeddelande ber\u00e4ttar om festivalen: 2016 markerar det artonde \u00e5ret f\u00f6r CinemAfrica \u2013 filmfestivalen som visar de fr\u00e4msta, mest aktuella filmerna fr\u00e5n den afrikanska kontinenten och diasporan. F\u00f6r [&hellip;]<\/p>\n","protected":false},"author":13,"featured_media":0,"comment_status":"open","ping_status":"open","sticky":false,"template":"","format":"standard","meta":{"_genesis_hide_title":false,"_genesis_hide_breadcrumbs":false,"_genesis_hide_singular_image":false,"_genesis_hide_footer_widgets":false,"_genesis_custom_body_class":"","_genesis_custom_post_class":"","_genesis_layout":"","footnotes":""},"categories":[50,20],"tags":[1004],"class_list":["post-100221","post","type-post","status-publish","format-standard","category-filmfilm","category-film","tag-cinemafrica","entry"],"_links":{"self":[{"href":"https:\/\/kulturbloggen.com\/index.php?rest_route=\/wp\/v2\/posts\/100221","targetHints":{"allow":["GET"]}}],"collection":[{"href":"https:\/\/kulturbloggen.com\/index.php?rest_route=\/wp\/v2\/posts"}],"about":[{"href":"https:\/\/kulturbloggen.com\/index.php?rest_route=\/wp\/v2\/types\/post"}],"author":[{"embeddable":true,"href":"https:\/\/kulturbloggen.com\/index.php?rest_route=\/wp\/v2\/users\/13"}],"replies":[{"embeddable":true,"href":"https:\/\/kulturbloggen.com\/index.php?rest_route=%2Fwp%2Fv2%2Fcomments&post=100221"}],"version-history":[{"count":4,"href":"https:\/\/kulturbloggen.com\/index.php?rest_route=\/wp\/v2\/posts\/100221\/revisions"}],"predecessor-version":[{"id":100293,"href":"https:\/\/kulturbloggen.com\/index.php?rest_route=\/wp\/v2\/posts\/100221\/revisions\/100293"}],"wp:attachment":[{"href":"https:\/\/kulturbloggen.com\/index.php?rest_route=%2Fwp%2Fv2%2Fmedia&parent=100221"}],"wp:term":[{"taxonomy":"category","embeddable":true,"href":"https:\/\/kulturbloggen.com\/index.php?rest_route=%2Fwp%2Fv2%2Fcategories&post=100221"},{"taxonomy":"post_tag","embeddable":true,"href":"https:\/\/kulturbloggen.com\/index.php?rest_route=%2Fwp%2Fv2%2Ftags&post=100221"}],"curies":[{"name":"wp","href":"https:\/\/api.w.org\/{rel}","templated":true}]}}