{"id":100190,"date":"2016-02-12T08:59:02","date_gmt":"2016-02-12T07:59:02","guid":{"rendered":"http:\/\/kulturbloggen.com\/?p=100190"},"modified":"2016-03-05T17:22:46","modified_gmt":"2016-03-05T16:22:46","slug":"swedish-music-hall-of-fame-atskilliga-inval-forbryllar","status":"publish","type":"post","link":"https:\/\/kulturbloggen.com\/?p=100190","title":{"rendered":"Swedish Music Hall of Fame \u2013  \u00c5tskilliga inval f\u00f6rbryllar"},"content":{"rendered":"<p><a href=\"http:\/\/kulturbloggen.com\/wp-content\/uploads\/2016\/02\/2016-\u00e5rs-SMHoF-utst\u00e4llning_v\u00e4ggen.jpeg\" rel=\"attachment wp-att-100192\"><img loading=\"lazy\" decoding=\"async\" src=\"http:\/\/kulturbloggen.com\/wp-content\/uploads\/2016\/02\/2016-\u00e5rs-SMHoF-utst\u00e4llning_v\u00e4ggen-300x200.jpeg\" alt=\"2016 \u00e5rs SMHoF-utst\u00e4llning_v\u00e4ggen\" width=\"300\" height=\"200\" class=\"aligncenter size-medium wp-image-100192\" srcset=\"https:\/\/kulturbloggen.com\/wp-content\/uploads\/2016\/02\/2016-\u00e5rs-SMHoF-utst\u00e4llning_v\u00e4ggen-300x200.jpeg 300w, https:\/\/kulturbloggen.com\/wp-content\/uploads\/2016\/02\/2016-\u00e5rs-SMHoF-utst\u00e4llning_v\u00e4ggen-768x512.jpeg 768w, https:\/\/kulturbloggen.com\/wp-content\/uploads\/2016\/02\/2016-\u00e5rs-SMHoF-utst\u00e4llning_v\u00e4ggen-1024x683.jpeg 1024w, https:\/\/kulturbloggen.com\/wp-content\/uploads\/2016\/02\/2016-\u00e5rs-SMHoF-utst\u00e4llning_v\u00e4ggen.jpeg 1134w\" sizes=\"auto, (max-width: 300px) 100vw, 300px\" \/><\/a><\/p>\n<p><strong>Siw Malmkvist, Karl Gerhard, Kent, Leila K, Sven-Ingvars, Owe Th\u00f6rnqvist, Monica Dominique, Denniz Pop och Barbro H\u00f6rberg &#8211; dessa artister valdes in i Swedish Music Hall of Fame f\u00f6r betydande insatser inom svensk popul\u00e4rmusik. Vid en presskonferens torsdag den 11 februari presenterades 2016 \u00e5rs invalda. (<a href=\"http:\/\/kulturbloggen.com\/?p=100172\">H\u00e4r ber\u00e4ttar vi om den nyheten.<\/a>)<br \/>\nKulturbloggens skibent Mats Hallberg funderar kring dessa inval och konstaterar: \u00c5tskilliga inval f\u00f6rbryllar,<\/strong><\/p>\n<p>H\u00e4r \u00e4r Mats Hallbergs kr\u00f6nika om det tredje invalet av artister och musikskapare till Swedish Music Hall of Fame:<\/p>\n<p>I somras cyklade jag f\u00f6r f\u00f6rsta g\u00e5ngen i Stockholm.. Mitt m\u00e5l var att bes\u00f6ka ABBA-museet. Jag var inte riktigt klar n\u00e4r belysningen slocknade, vilket ju markerade att det blivit st\u00e4ngningsdags. Att jag spenderade s\u00e5 l\u00e5ng tid d\u00e4r, berodde inte p\u00e5 den f\u00f6r mig \u00f6verskattade kvartetten med global appeal. Huvuddelen av tiden \u00e4gnades ist\u00e4llet \u00e5t att studera de musikvideos som speglade var sitt deccenium. Att d\u00e4r ut\u00f6ver ta till sig material om Polarpriset och SMHOF &#8211; j\u00e4mte glasmontrar kring svenska musikikoner &#8211; var ocks\u00e5 oerh\u00f6rt givande.  (P\u00e5pekade vid utg\u00e5ngen f\u00f6r en person p\u00e5 museet ett faktafel g\u00e4llande T\u00e4ltprojektet.)<\/p>\n<p>Jag som alltid gillat listor funderade efter\u00e5t mycket \u00f6ver egendomliga inval.  Publicerade aningen uppr\u00f6rd ett inl\u00e4gg p\u00e5 facebook, i vilket jag ifr\u00e5gasatte vissa bed\u00f6mningar samt lanserade 15  personer eller band. Har lyssnat och l\u00e4st om musik i n\u00e4rmare fyrtiofem \u00e5r. \u00c4r inte l\u00e4ngre skivsamlare men har fortsatt g\u00e5 p\u00e5 konserter och festivaler regelbundet. Senaste \u00e5ren har jag recenserat flitigt, fr\u00e4mst h\u00e4r i Kulturbloggen och emellan\u00e5t i Orkesterjournalen. Ett antal g\u00e5nger har det blivit intervjuer och portr\u00e4tt har jag skrivit m\u00e5nga. I j\u00e4mf\u00f6relse med  v\u00e4nnen Leif Wivatt p\u00e5 radio G\u00f6teborg (vars \u00e5sikter om Swedish music hall of fame borde v\u00e4ga tungt), vore det fel att framst\u00e4lla mig som orakel.  Av Kulturbloggens lista \u00f6ver fjol\u00e5rets 100 b\u00e4sta l\u00e5tar var det bara ett f\u00e5tal jag kunde identifiera. Men musik har otvivelaktigt varit en v\u00e4sentlig ingrediens i mitt liv. <\/p>\n<p>Man \u00e4r oseri\u00f6s om man p\u00e5st\u00e5r att man h\u00f6rt allt som \u00e4r v\u00e4rt att h\u00f6ras. Min po\u00e4ng \u00e4r att ingen av de ytterst v\u00e4lf\u00f6rtj\u00e4nta namn jag pl\u00e4derade f\u00f6r kom med i den tredje invalsomg\u00e5ngen som idag 11\/2 offentliggjordes.. Hur kunde jag hamna s\u00e5 fel?  En jurys resonerande \u00e4r alltid mer eller mindre outgrundligt. Till denna g\u00e5ng kunde allm\u00e4nheten f\u00f6resl\u00e5 sina kandidater, men den numera femh\u00f6vdade juryn med aktade Jan Gradvall i spetsen \u00e4r vad jag f\u00f6rst\u00e5r ensam ansvariga. <\/p>\n<p>F\u00f6r att komma i fr\u00e5ga ska artister, grupper, l\u00e5tskrivare och producenter ha gjort betydande insatser inom svensk popul\u00e4rmusik. Utm\u00e4rkelsen instiftades f\u00f6r att spegla bredden och rikedomen i Sveriges musikhistoria. Man ska ha skivdebuterat f\u00f6r minst tjugo \u00e5r sedan och i statuterna finns ocks\u00e5 kravet att h\u00e4lften av ber\u00f6mdheterna ska vara  kvinnor. Barbro H\u00f6rberg \u00e4r en outsider v\u00e4rd appl\u00e5der vars motsvarighet utg\u00f6rs av skygga tidigare invalda s\u00e5ngerskan Stina Nordenstam. En annan st\u00f6rre \u00f6verraskning \u00e4r Monica Dominique, vars m\u00e5ngsidighet \u00e4nd\u00e5 fr\u00e5n Solar Plexus varit h\u00e4pnadsv\u00e4ckande. Att kritikergunstlingarna Kent nu redan hamnat i finrummet \u00e4r inget att f\u00f6rv\u00e5nas \u00f6ver.  Jag uppskattar ocks\u00e5 allvarsm\u00e4nnen fr\u00e5n Eskilstuna.  I \u00f6vrigt f\u00f6rst\u00e5r jag inte riktigt hur juryns ledam\u00f6ter t\u00e4nkt. Vissa genrer \u00e4r l\u00f6jligt underrepresenterade, s\u00e4rskilt jazz och folkmusik.  Verkar som man helt missat den h\u00f6ga niv\u00e5n som  jazzmusiker befunnit sig p\u00e5, en anledning till att internationella stj\u00e4rnor g\u00e4rna vill spela live med v\u00e5ra inhemska storheter. Ska noteras att invalet av legendaren Anders Burman  borgar f\u00f6r att herrarna Fred, John och Pugh indirekt \u00e4r med; fast att deras namn saknas \u00e4r sj\u00e4lvklart otillfredst\u00e4llande.  <\/p>\n<p>Avslutningsvis n\u00e5gra retoriska fr\u00e5gor. Varf\u00f6r anses Jussi Bj\u00f6rling tillh\u00f6ra kategorin popul\u00e4rmusik? \u00c4r det vettigt att h\u00e4vda att Carola, Sivan och Leila K historiskt sett gjort tillr\u00e4ckligt betydande bedrifter? \u00c4r det inte  pinsamt att den f\u00f6ga stimulerande racergitarristen Yngwie Malmsten \u00e4r den ende instrumentalisten? <\/p>\n<p>Aprop\u00e5 g\u00e5rdagens fad\u00e4s fr\u00e5n Polarprisjuryn avseende priset i kategorin popul\u00e4rmusik, kan meddelas att jag tillverkat min artikel assisterad av ljuvliga toner fr\u00e5n dubbel-CD:n The Philsosophers\u00b4s stone med Van Morrison. Han \u00e4r en favorit hos b\u00e5de mig och Kulturbloggens redakt\u00f6r, n\u00e5gon som i den b\u00e4sta av v\u00e4rldar borde tilldelats Polarpriset f\u00f6r l\u00e4nge sedan. Max Martin  skulle aldrig komma n\u00e4ra Van the man, ens om hans f\u00f6rs\u00f6kte.<\/p>\n<p><strong>Inval 2016 <\/strong><br \/>\nSiw Malmkvist<br \/>\nKarl Gerhard<br \/>\nKent<br \/>\nLeila K<br \/>\nOwe Th\u00f6rnqvist<br \/>\nMonica Dominique<br \/>\nDenniz Pop<br \/>\nBarbro H\u00f6rberg<br \/>\nSven &#8211; Ingvars <\/p>\n<p><strong>Mina f\u00f6rslag<\/strong><br \/>\nLars Gullin<br \/>\nTommy K\u00f6rberg<br \/>\nB\u00f6rn J:son Lindh<br \/>\nPugh Rogefeldt<br \/>\nEldkvarn<br \/>\nMerit Hemmingson<br \/>\nMonica T\u00f6rnell<br \/>\nLill Lindfors<br \/>\nLena Wilermark<\/p>\n<p><strong>Bubblare:<\/strong> Ale M\u00f6ller, Povel Ramel, Lina Nyberg, Dag Vag, Arne Domnerus, Kajsa Grytt.<\/p>\n","protected":false},"excerpt":{"rendered":"<p>Siw Malmkvist, Karl Gerhard, Kent, Leila K, Sven-Ingvars, Owe Th\u00f6rnqvist, Monica Dominique, Denniz Pop och Barbro H\u00f6rberg &#8211; dessa artister valdes in i Swedish Music Hall of Fame f\u00f6r betydande insatser inom svensk popul\u00e4rmusik. Vid en presskonferens torsdag den 11 februari presenterades 2016 \u00e5rs invalda. (H\u00e4r ber\u00e4ttar vi om den nyheten.) Kulturbloggens skibent Mats Hallberg [&hellip;]<\/p>\n","protected":false},"author":34,"featured_media":0,"comment_status":"open","ping_status":"open","sticky":false,"template":"","format":"standard","meta":{"_genesis_hide_title":false,"_genesis_hide_breadcrumbs":false,"_genesis_hide_singular_image":false,"_genesis_hide_footer_widgets":false,"_genesis_custom_body_class":"","_genesis_custom_post_class":"","_genesis_layout":"","footnotes":""},"categories":[44,7],"tags":[7986],"class_list":{"0":"post-100190","1":"post","2":"type-post","3":"status-publish","4":"format-standard","6":"category-chadie","7":"category-musik","8":"tag-swedish-music-hall-of-fame","9":"entry"},"_links":{"self":[{"href":"https:\/\/kulturbloggen.com\/index.php?rest_route=\/wp\/v2\/posts\/100190","targetHints":{"allow":["GET"]}}],"collection":[{"href":"https:\/\/kulturbloggen.com\/index.php?rest_route=\/wp\/v2\/posts"}],"about":[{"href":"https:\/\/kulturbloggen.com\/index.php?rest_route=\/wp\/v2\/types\/post"}],"author":[{"embeddable":true,"href":"https:\/\/kulturbloggen.com\/index.php?rest_route=\/wp\/v2\/users\/34"}],"replies":[{"embeddable":true,"href":"https:\/\/kulturbloggen.com\/index.php?rest_route=%2Fwp%2Fv2%2Fcomments&post=100190"}],"version-history":[{"count":2,"href":"https:\/\/kulturbloggen.com\/index.php?rest_route=\/wp\/v2\/posts\/100190\/revisions"}],"predecessor-version":[{"id":100194,"href":"https:\/\/kulturbloggen.com\/index.php?rest_route=\/wp\/v2\/posts\/100190\/revisions\/100194"}],"wp:attachment":[{"href":"https:\/\/kulturbloggen.com\/index.php?rest_route=%2Fwp%2Fv2%2Fmedia&parent=100190"}],"wp:term":[{"taxonomy":"category","embeddable":true,"href":"https:\/\/kulturbloggen.com\/index.php?rest_route=%2Fwp%2Fv2%2Fcategories&post=100190"},{"taxonomy":"post_tag","embeddable":true,"href":"https:\/\/kulturbloggen.com\/index.php?rest_route=%2Fwp%2Fv2%2Ftags&post=100190"}],"curies":[{"name":"wp","href":"https:\/\/api.w.org\/{rel}","templated":true}]}}