{"id":100172,"date":"2016-02-11T18:55:03","date_gmt":"2016-02-11T17:55:03","guid":{"rendered":"http:\/\/kulturbloggen.com\/?p=100172"},"modified":"2016-02-11T18:55:03","modified_gmt":"2016-02-11T17:55:03","slug":"siw-malmkvist-karl-gerhard-kent-leila-k-sven-ingvars-owe-thornqvist-monica-dominique-denniz-pop-och-barbro-horberg-invalda-i-swedish-music-hall-of-fame","status":"publish","type":"post","link":"https:\/\/kulturbloggen.com\/?p=100172","title":{"rendered":"Siw Malmkvist, Karl Gerhard, Kent, Leila K, Sven-Ingvars, Owe Th\u00f6rnqvist, Monica Dominique, Denniz Pop och Barbro H\u00f6rberg invalda i Swedish Music Hall of Fame"},"content":{"rendered":"<p><a href=\"http:\/\/kulturbloggen.com\/wp-content\/uploads\/2016\/02\/2016-\u00e5rs-pristagare-och-representanter.jpeg\" rel=\"attachment wp-att-100173\"><img loading=\"lazy\" decoding=\"async\" src=\"http:\/\/kulturbloggen.com\/wp-content\/uploads\/2016\/02\/2016-\u00e5rs-pristagare-och-representanter-300x200.jpeg\" alt=\"2016 \u00e5rs pristagare och representanter\" width=\"300\" height=\"200\" class=\"aligncenter size-medium wp-image-100173\" srcset=\"https:\/\/kulturbloggen.com\/wp-content\/uploads\/2016\/02\/2016-\u00e5rs-pristagare-och-representanter-300x200.jpeg 300w, https:\/\/kulturbloggen.com\/wp-content\/uploads\/2016\/02\/2016-\u00e5rs-pristagare-och-representanter-768x512.jpeg 768w, https:\/\/kulturbloggen.com\/wp-content\/uploads\/2016\/02\/2016-\u00e5rs-pristagare-och-representanter-1024x683.jpeg 1024w, https:\/\/kulturbloggen.com\/wp-content\/uploads\/2016\/02\/2016-\u00e5rs-pristagare-och-representanter.jpeg 1134w\" sizes=\"auto, (max-width: 300px) 100vw, 300px\" \/><\/a><\/p>\n<p>F\u00f6r tredje g\u00e5ngen har nu artister och musikskapare valts in i Swedish Music Hall of Fame f\u00f6r betydande insatser inom svensk popul\u00e4rmusik. Vid en presskonferens torsdag den 11 februari presenterades 2016 \u00e5rs invalda: <\/p>\n<p>Siw Malmkvist, Karl Gerhard, Kent, Leila K, Sven-Ingvars, Owe Th\u00f6rnqvist, Monica Dominique, Denniz Pop och Barbro H\u00f6rberg.<\/p>\n<p>Kent kunde ej n\u00e4rvara vid presskonferensen men skickade f\u00f6ljande h\u00e4lsning:<\/p>\n<p>&#8221;Vi k\u00e4nner oss v\u00e4ldigt hedrade. Att ta plats i Swedish Music Hall of Fame var inget vi ens kunde dr\u00f6mma om n\u00e4r vi startade bandet f\u00f6r n\u00e4stan exakt 26 \u00e5r sedan.<br \/>\nVi bugar och bockar \u00f6dmjukast inf\u00f6r juryn och alla de tidigare invalda. Men framf\u00f6r allt vill vi tacka alla er som lyssnat p\u00e5 v\u00e5ra skivor, bes\u00f6kt v\u00e5ra konserter och m\u00e4rkligt nog brytt sig om vad vi haft att s\u00e4ga. Ni har f\u00e5tt oss att bli viktiga.  Den k\u00e4rlek ni visat oss \u00e4r ov\u00e4rderlig och v\u00e4ldigt sv\u00e5r att \u00e5terg\u00e4lda. Det enda vi kan g\u00f6ra \u00e4r att f\u00f6rs\u00f6ka skriva och spela in s\u00e5 bra musik som m\u00f6jligt.&#8221;<\/p>\n<p>Ett pressmeddelande ber\u00e4ttar:<br \/>\nBakom Swedish Music Hall of Fame st\u00e5r den ideella insamlingsstiftelsen Svenska Musikskattens Hus. Grundtanken med verksamheten \u00e4r att tillg\u00e4ngligg\u00f6ra rikedomen i \u2013 samt \u00f6ka intresset f\u00f6r \u2013 den svenska musikskatten och att bygga broar mellan generationer. De invalda m\u00e5ste ha skivdebuterat f\u00f6r minst 20 \u00e5r sedan. Det l\u00e5ngsiktiga syftet med Swedish Music Hall of Fame \u00e4r att ge ett erk\u00e4nnande till personer som lagt grunden f\u00f6r svensk popul\u00e4rmusik och d\u00e4rigenom inspirera till nyskapande och utveckling inom musiken.<\/p>\n<p>Juryn best\u00e5r av ordf\u00f6rande Jan Gradvall, Per Sinding-Larsen, Ametist Azordegan, Kerstin Behrendtz och Anna Charlotta Gunnarson. Under invalsprocessen har \u00e4ven alla tidigare invalda artister och musikskapare f\u00e5tt m\u00f6jlighet att p\u00e5verka vilka nya som v\u00e4ljs in. Alla ing\u00e5r i en storjury som v\u00e4xer fr\u00e5n \u00e5r till \u00e5r. \u00c4ven allm\u00e4nheten har f\u00e5tt m\u00f6jlighet att ge f\u00f6rslag p\u00e5 vilka de \u00f6nskar se invalda.<\/p>\n<p>De tidigare invalda i Swedish Music Hall of Fame \u00e4r:<br \/>\nABBA, Jan Johansson, Roxette, Eva Dahlgren, The Latin Kings, Evert Taube, Ebba Gr\u00f6n, Nationalteatern, Cornelis Vreeswijk, Entombed, Stina Nordenstam, Monica Zetterlund, Jussi Bj\u00f6rling, Neneh Cherry, Anders Burman, Peps Persson, Alice Babs, Ulf Lundell, Carola H\u00e4ggkvist, Yngwie Malmsteen, Gullan Bornemark och Robyn.<\/p>\n<p>De invalda hedras \u00e4ven med en permanent utst\u00e4llning i Swedish Music Hall of Fame inne i Pop House p\u00e5 Djurg\u00e5rden i Stockholm. Den uppdaterade utst\u00e4llningen, framtagen av scenograf Bengt Fr\u00f6derberg och Ingmarie Halling, curator samt museichef f\u00f6r ABBA The Museum och Pop House utst\u00e4llningar, \u00f6ppnades i dag i samband med invalsceremonin.<\/p>\n","protected":false},"excerpt":{"rendered":"<p>F\u00f6r tredje g\u00e5ngen har nu artister och musikskapare valts in i Swedish Music Hall of Fame f\u00f6r betydande insatser inom svensk popul\u00e4rmusik. Vid en presskonferens torsdag den 11 februari presenterades 2016 \u00e5rs invalda: Siw Malmkvist, Karl Gerhard, Kent, Leila K, Sven-Ingvars, Owe Th\u00f6rnqvist, Monica Dominique, Denniz Pop och Barbro H\u00f6rberg. Kent kunde ej n\u00e4rvara vid [&hellip;]<\/p>\n","protected":false},"author":13,"featured_media":0,"comment_status":"open","ping_status":"open","sticky":false,"template":"","format":"standard","meta":{"_genesis_hide_title":false,"_genesis_hide_breadcrumbs":false,"_genesis_hide_singular_image":false,"_genesis_hide_footer_widgets":false,"_genesis_custom_body_class":"","_genesis_custom_post_class":"","_genesis_layout":"","footnotes":""},"categories":[7],"tags":[],"class_list":{"0":"post-100172","1":"post","2":"type-post","3":"status-publish","4":"format-standard","6":"category-musik","7":"entry"},"_links":{"self":[{"href":"https:\/\/kulturbloggen.com\/index.php?rest_route=\/wp\/v2\/posts\/100172","targetHints":{"allow":["GET"]}}],"collection":[{"href":"https:\/\/kulturbloggen.com\/index.php?rest_route=\/wp\/v2\/posts"}],"about":[{"href":"https:\/\/kulturbloggen.com\/index.php?rest_route=\/wp\/v2\/types\/post"}],"author":[{"embeddable":true,"href":"https:\/\/kulturbloggen.com\/index.php?rest_route=\/wp\/v2\/users\/13"}],"replies":[{"embeddable":true,"href":"https:\/\/kulturbloggen.com\/index.php?rest_route=%2Fwp%2Fv2%2Fcomments&post=100172"}],"version-history":[{"count":1,"href":"https:\/\/kulturbloggen.com\/index.php?rest_route=\/wp\/v2\/posts\/100172\/revisions"}],"predecessor-version":[{"id":100174,"href":"https:\/\/kulturbloggen.com\/index.php?rest_route=\/wp\/v2\/posts\/100172\/revisions\/100174"}],"wp:attachment":[{"href":"https:\/\/kulturbloggen.com\/index.php?rest_route=%2Fwp%2Fv2%2Fmedia&parent=100172"}],"wp:term":[{"taxonomy":"category","embeddable":true,"href":"https:\/\/kulturbloggen.com\/index.php?rest_route=%2Fwp%2Fv2%2Fcategories&post=100172"},{"taxonomy":"post_tag","embeddable":true,"href":"https:\/\/kulturbloggen.com\/index.php?rest_route=%2Fwp%2Fv2%2Ftags&post=100172"}],"curies":[{"name":"wp","href":"https:\/\/api.w.org\/{rel}","templated":true}]}}