{"id":100144,"date":"2016-02-09T18:46:19","date_gmt":"2016-02-09T17:46:19","guid":{"rendered":"http:\/\/kulturbloggen.com\/?p=100144"},"modified":"2016-02-09T18:46:19","modified_gmt":"2016-02-09T17:46:19","slug":"hesselby-kammarmusikfestival-en-ny-musikfestival-i-stockholm-i-mars","status":"publish","type":"post","link":"https:\/\/kulturbloggen.com\/?p=100144","title":{"rendered":"Hesselby kammarmusikfestival, en ny musikfestival i Stockholm i mars"},"content":{"rendered":"<p><a href=\"http:\/\/kulturbloggen.com\/wp-content\/uploads\/2016\/02\/hesselbykammarmusik.jpg\" rel=\"attachment wp-att-100145\"><img loading=\"lazy\" decoding=\"async\" src=\"http:\/\/kulturbloggen.com\/wp-content\/uploads\/2016\/02\/hesselbykammarmusik-300x201.jpg\" alt=\"hesselbykammarmusik\" width=\"300\" height=\"201\" class=\"aligncenter size-medium wp-image-100145\" srcset=\"https:\/\/kulturbloggen.com\/wp-content\/uploads\/2016\/02\/hesselbykammarmusik-300x201.jpg 300w, https:\/\/kulturbloggen.com\/wp-content\/uploads\/2016\/02\/hesselbykammarmusik.jpg 502w\" sizes=\"auto, (max-width: 300px) 100vw, 300px\" \/><\/a><\/p>\n<p>Den 2 mars b\u00f6rjar en fem dagar l\u00e5ng musikfest p\u00e5 Hesselby Slott \u2013 Hesselby kammarmusikfestival. Programmet pr\u00e4glas av \u00e5 ena sidan k\u00e4nda tong\u00e5ngar ur den klassiska musikskatten, \u00e5 andra sidan nyare musik fr\u00e5n 1900-talet och v\u00e5r egen tid. L\u00e4gg till det tre uruppf\u00f6randen!<\/p>\n<p>Ett pressmeddelande ber\u00e4ttar:<br \/>\nHesselby kammarmusikfestival \u00e4r, p\u00e5 initiativ av l\u00e5tskrivaren och artisten Tomas Ledin, systerfestival till Stockholm Folk Festival som sommartid etablerats p\u00e5 Hesselby Slott.<\/p>\n<p>\u2013 En vinterfestival p\u00e5 v\u00e5rt fina musikslott. \u00c4ntligen. Mina f\u00f6rv\u00e4ntningar \u00e4r stora, v\u00e5r konstn\u00e4rlige ledare Kjell-\u00c5ke Hamr\u00e9ns ambitioner verkar vara \u00e4nnu st\u00f6rre. Det k\u00e4nns onekligen b\u00e5de roligt och sp\u00e4nnande. Jag h\u00e4lsar alla v\u00e4lkomna till Hesselby Kammarmusikfestival, den f\u00f6rsta veckan i mars, 2016, s\u00e4ger Tomas Ledin.<\/p>\n<p><strong>Inte mindre \u00e4n tre uruppf\u00f6randen<\/strong><br \/>\nProgrammet, som omfattar 12 konserter fr\u00e5n onsdag kv\u00e4ll till s\u00f6ndag eftermiddag, inneh\u00e5ller b\u00e5de gammalt och nytt. Tre nyskrivna verk av tons\u00e4ttarna Marie Samuelsson, Kristin Boussard och Rosanna Gunnarson uruppf\u00f6rs under festivalveckan.<\/p>\n<p>Till festivalinvigningen har Marie Samuelsson f\u00e5tt uppdraget att skriva en ny septett f\u00f6r str\u00e5kar och bl\u00e5sare. Hennes F\u00f6rnimmelser f\u00f6r tre bl\u00e5sare och fyra str\u00e5kar f\u00e5r sin v\u00e4rldspremi\u00e4r vid \u00f6ppningskonserten den 2 mars. Marie Samuelsson, f\u00f6dd 1956, uppm\u00e4rksammades stort h\u00e4rom\u00e5ret f\u00f6r sitt samarbete med f\u00f6rfattaren Kerstin Ekman kring operan Jorun orm i \u00f6ga. P\u00e5 senare tid har hon uppm\u00e4rksammats f\u00f6r klarinettkonserten Ett barn av o\u00e4ndlighet, som m\u00f6ttes med stort jubel p\u00e5 Malm\u00f6 Live och som ing\u00e5r i en k\u00e4rlekstrilogi av orkesterverk i vilken \u00e4ven Afrodite ing\u00e5r. Afrodite uruppf\u00f6rs i Berwaldhallen den 11 mars 2016.<\/p>\n<p><strong>Festivalartister, Arm\u00e9ns Musikk\u00e5r och Kungliga Musikh\u00f6gskolan<\/strong><br \/>\n\u2013 Med Hesselby kammarmusikfestival vill vi bryta ny mark. B\u00e5de etablerade stj\u00e4rnor och unga talanger ska f\u00e5 dela scenen och ny och gammal musik ska f\u00e5 likv\u00e4rdigt utrymme. Det som g\u00f6r kammarmusik s\u00e5 attraktiv \u00e4r n\u00e4rheten mellan musiker och publik, eftersom det ger en alldeles speciell nerv och laddning. Och f\u00f6ruts\u00e4ttningarna f\u00f6r att just det ska h\u00e4nda kan inte vara st\u00f6rre \u00e4n p\u00e5 Hesselby Slott. Milj\u00f6n \u00e4r som gjord f\u00f6r en kammarmusikfestival, s\u00e4ger Kjell-\u00c5ke Hamr\u00e9n, festivalens konstn\u00e4rlige ledare.<\/p>\n<p>Nio instrumentalister har engagerats till festivalen, d\u00e4ribland violasten Ylvali Zilliacus som \u00e4r medlem i den ansedda ensemblen Lendvai String Trio samt cellisten Elem\u00e9r Lavotha som efter 37 \u00e5r som solocellist i Kungliga Filharmonikerna numera delar sin tid mellan arbetet som professor vid Kungliga Musikh\u00f6gskolan i Stockholm och livet som frilansande kammarmusiker. <\/p>\n<p>Vidare m\u00e4rks klarinettisten Kristian M\u00f6ller, konsertm\u00e4stare i Arm\u00e9ns Musik\u00e5r, violinisten Bernt Lysell, Uppsala Kammarsolister, och cellisten Anja Inge som tillsammans med systern Jonna och pappa Anders, som b\u00e5da ocks\u00e5 medverkar i Hesselby kammarmusikfestival, givit regelbundna konserter i Storbritannien och Skandinavien och under senare \u00e5r \u00e4ven i Ungern, Malta och USA. <\/p>\n<p>Ocks\u00e5 pianisten Georg \u00d6quist, som turnerat i l\u00e4nder som Sverige, Danmark, Finland, Storbritannien, Polen, USA, Turkiet och Italien, b\u00e5de som solist och kammarmusiker, och Walter McTigert, kontrabas, som har arbetat med Oslo Filharmoniska Orkester, Den Norske Opera &#038; Ballet Orkester, och sedan 2009 i Sveriges Radios Symfoniorkester, spelar under festivalen.<\/p>\n<p>Dessutom medverkar i olika ensemblekonstellationer 19 bl\u00e5sare ur Arm\u00e9ns Musikk\u00e5r och 23 talangfulla studenter fr\u00e5n Kungliga Musikh\u00f6gskolan i Stockholm, unga musiker som inom kort tar spr\u00e5nget ut i musiklivet som fullfj\u00e4drade proffs.<\/p>\n<p><strong>Hesselby Chamber Music Project<\/strong><br \/>\nHesselby kammarmusikfestival \u00e4r det f\u00f6rsta steget i en st\u00f6rre internationell satsning p\u00e5 klassisk musik p\u00e5 Hesselby Slott. Det l\u00e5ngsiktiga projektet, som heter The Hesselby Chamber Music Project, inkluderar f\u00f6rutom den \u00e5rliga kammarmusikfestivalen \u00e4ven en internationell sommarkurs i kammarmusik, Hesselby Summer Academy, och etablering av en egen digital kanal p\u00e5 n\u00e4tet f\u00f6r bl a uts\u00e4ndning av festivalkonserter, intervjuer med tons\u00e4ttare och artister samt reportage fr\u00e5n festivalerna och kurserna.<\/p>\n","protected":false},"excerpt":{"rendered":"<p>Den 2 mars b\u00f6rjar en fem dagar l\u00e5ng musikfest p\u00e5 Hesselby Slott \u2013 Hesselby kammarmusikfestival. Programmet pr\u00e4glas av \u00e5 ena sidan k\u00e4nda tong\u00e5ngar ur den klassiska musikskatten, \u00e5 andra sidan nyare musik fr\u00e5n 1900-talet och v\u00e5r egen tid. L\u00e4gg till det tre uruppf\u00f6randen! Ett pressmeddelande ber\u00e4ttar: Hesselby kammarmusikfestival \u00e4r, p\u00e5 initiativ av l\u00e5tskrivaren och artisten [&hellip;]<\/p>\n","protected":false},"author":13,"featured_media":0,"comment_status":"open","ping_status":"open","sticky":false,"template":"","format":"standard","meta":{"_genesis_hide_title":false,"_genesis_hide_breadcrumbs":false,"_genesis_hide_singular_image":false,"_genesis_hide_footer_widgets":false,"_genesis_custom_body_class":"","_genesis_custom_post_class":"","_genesis_layout":"","footnotes":""},"categories":[7],"tags":[12659,12658,3844],"class_list":{"0":"post-100144","1":"post","2":"type-post","3":"status-publish","4":"format-standard","6":"category-musik","7":"tag-hesselby","8":"tag-kammarmusik","9":"tag-musikfestival","10":"entry"},"_links":{"self":[{"href":"https:\/\/kulturbloggen.com\/index.php?rest_route=\/wp\/v2\/posts\/100144","targetHints":{"allow":["GET"]}}],"collection":[{"href":"https:\/\/kulturbloggen.com\/index.php?rest_route=\/wp\/v2\/posts"}],"about":[{"href":"https:\/\/kulturbloggen.com\/index.php?rest_route=\/wp\/v2\/types\/post"}],"author":[{"embeddable":true,"href":"https:\/\/kulturbloggen.com\/index.php?rest_route=\/wp\/v2\/users\/13"}],"replies":[{"embeddable":true,"href":"https:\/\/kulturbloggen.com\/index.php?rest_route=%2Fwp%2Fv2%2Fcomments&post=100144"}],"version-history":[{"count":1,"href":"https:\/\/kulturbloggen.com\/index.php?rest_route=\/wp\/v2\/posts\/100144\/revisions"}],"predecessor-version":[{"id":100146,"href":"https:\/\/kulturbloggen.com\/index.php?rest_route=\/wp\/v2\/posts\/100144\/revisions\/100146"}],"wp:attachment":[{"href":"https:\/\/kulturbloggen.com\/index.php?rest_route=%2Fwp%2Fv2%2Fmedia&parent=100144"}],"wp:term":[{"taxonomy":"category","embeddable":true,"href":"https:\/\/kulturbloggen.com\/index.php?rest_route=%2Fwp%2Fv2%2Fcategories&post=100144"},{"taxonomy":"post_tag","embeddable":true,"href":"https:\/\/kulturbloggen.com\/index.php?rest_route=%2Fwp%2Fv2%2Ftags&post=100144"}],"curies":[{"name":"wp","href":"https:\/\/api.w.org\/{rel}","templated":true}]}}